{"id":7428,"date":"2022-07-04T02:44:49","date_gmt":"2022-07-04T02:44:49","guid":{"rendered":"https:\/\/www.notiflashmexiquense.com.mx\/?p=7428"},"modified":"2022-07-04T02:44:50","modified_gmt":"2022-07-04T02:44:50","slug":"busca-isaac-montoya-regenerar-tejido-social-en-comunidades-olvidadas-por-anos-en-naucalpan","status":"publish","type":"post","link":"https:\/\/www.notiflashmexiquense.com.mx\/?p=7428","title":{"rendered":"Busca Isaac Montoya regenerar tejido social en comunidades olvidadas por a\u00f1os en Naucalpan"},"content":{"rendered":"\n<p>\uf0fc Encabeza trabajos de rehabilitaci\u00f3n integral en avenida Canteras, en la colonia San Lorenzo la Ca\u00f1ada<\/p>\n\n\n\n<p>\uf0fc El diputado de Morena como parte de su labor legislativa continuar\u00e1 con la recuperaci\u00f3n de espacios p\u00fablicos<\/p>\n\n\n\n<p>Naucalpan, M\u00e9x., O3 de julio de 2022. La intervenci\u00f3n en las comunidades, a trav\u00e9s de la recuperaci\u00f3n de los espacios p\u00fablicos tiene como objetivo regenerar el tejido social, sobre todo en colonias olvidadas por a\u00f1os, asegur\u00f3 el diputado local de Morena, Isaac Montoya M\u00e1rquez, al encabezar los trabajos de rehabilitaci\u00f3n integral en avenida Canteras, en la colonia San Lorenzo la Ca\u00f1ada.<\/p>\n\n\n\n<p>Ante vecinos explic\u00f3 que como legislador el objetivo es recorrer cada rinc\u00f3n de Naucalpan, con el fin de realizan estas intervenciones en todas las comunidades, y la \u00fanica manera para avanzar y lograr resultados es la participaci\u00f3n conjunta, y ante problemas en com\u00fan siempre habr\u00e1 soluciones en com\u00fan, y no llegar\u00e1n de manera individual, tiene que hacerse en comunidad.<\/p>\n\n\n\n<p>Al cortar el list\u00f3n inaugural del espacio recuperado, justo donde culminan unas escaleras a la avenida Cantera, que ante la falta de un barandal falleci\u00f3 una persona, ahora aparece remozado, con malla y culmin\u00f3 en un peque\u00f1o parque, en beneficio de decenas de familias.<\/p>\n\n\n\n<p>Justo en la inauguraci\u00f3n, decenas de ni\u00f1os de esta colonia acudieron y el diputado, refiri\u00f3 que busca en coordinaci\u00f3n con los habitantes construir y apoyar a la comunidad, acciones que impulsa a trav\u00e9s de la Legislatura y como parte del Grupo Parlamentario de Morena.<\/p>\n\n\n\n<p>Asimismo, reiter\u00f3, en presencia de quienes respondieron al llamado, \u201cdebemos seguir organiz\u00e1ndonos en beneficio de las comunidades y transformar los diferentes espacios p\u00fablicos y es deber de la comunidad dar los cuidados necesarios, a los espacios recuperados\u201d tras los trabajos que se impulsan.<\/p>\n\n\n\n<p>El diputado de Morena, tras asambleas vecinales en donde escucha toda especie de demandas y denuncias, dijo que no solo en San Lorenzo la Ca\u00f1ada se est\u00e1n replicando estas acciones, el prop\u00f3sito es llegar a todas las colonias de Naucalpan, pese al margen acotado, pero que haya una intervenci\u00f3n de un impacto relevante que ayude a mejorar las condiciones de vida de todos los vecinos, que entren y nos ayuden a realizar las obras, vamos a seguir, subray\u00f3.<\/p>\n\n\n\n<p>Esto es cuesti\u00f3n de reciprocidad, concluy\u00f3 \u201cSi le entramos tambi\u00e9n que ayuden a entrarle\u201d, el prop\u00f3sito es llegar a todas las comunidades, que los mismos vecinos ayuden a realizar las obras.<\/p>\n","protected":false},"excerpt":{"rendered":"<p>&#61692; Encabeza trabajos de rehabilitaci&oacute;n integral en avenida Canteras, en la colonia San Lorenzo la&#8230;<\/p>\n","protected":false},"author":1,"featured_media":7429,"comment_status":"closed","ping_status":"closed","sticky":false,"template":"","format":"standard","meta":{"footnotes":""},"categories":[42],"tags":[],"class_list":["post-7428","post","type-post","status-publish","format-standard","has-post-thumbnail","hentry","category-legislatura-mexiquense-nueva-etapa"],"_links":{"self":[{"href":"https:\/\/www.notiflashmexiquense.com.mx\/index.php?rest_route=\/wp\/v2\/posts\/7428","targetHints":{"allow":["GET"]}}],"collection":[{"href":"https:\/\/www.notiflashmexiquense.com.mx\/index.php?rest_route=\/wp\/v2\/posts"}],"about":[{"href":"https:\/\/www.notiflashmexiquense.com.mx\/index.php?rest_route=\/wp\/v2\/types\/post"}],"author":[{"embeddable":true,"href":"https:\/\/www.notiflashmexiquense.com.mx\/index.php?rest_route=\/wp\/v2\/users\/1"}],"replies":[{"embeddable":true,"href":"https:\/\/www.notiflashmexiquense.com.mx\/index.php?rest_route=%2Fwp%2Fv2%2Fcomments&post=7428"}],"version-history":[{"count":1,"href":"https:\/\/www.notiflashmexiquense.com.mx\/index.php?rest_route=\/wp\/v2\/posts\/7428\/revisions"}],"predecessor-version":[{"id":7430,"href":"https:\/\/www.notiflashmexiquense.com.mx\/index.php?rest_route=\/wp\/v2\/posts\/7428\/revisions\/7430"}],"wp:featuredmedia":[{"embeddable":true,"href":"https:\/\/www.notiflashmexiquense.com.mx\/index.php?rest_route=\/wp\/v2\/media\/7429"}],"wp:attachment":[{"href":"https:\/\/www.notiflashmexiquense.com.mx\/index.php?rest_route=%2Fwp%2Fv2%2Fmedia&parent=7428"}],"wp:term":[{"taxonomy":"category","embeddable":true,"href":"https:\/\/www.notiflashmexiquense.com.mx\/index.php?rest_route=%2Fwp%2Fv2%2Fcategories&post=7428"},{"taxonomy":"post_tag","embeddable":true,"href":"https:\/\/www.notiflashmexiquense.com.mx\/index.php?rest_route=%2Fwp%2Fv2%2Ftags&post=7428"}],"curies":[{"name":"wp","href":"https:\/\/api.w.org\/{rel}","templated":true}]}}