{"id":7425,"date":"2022-07-03T23:52:28","date_gmt":"2022-07-03T23:52:28","guid":{"rendered":"https:\/\/www.notiflashmexiquense.com.mx\/?p=7425"},"modified":"2022-07-03T23:52:29","modified_gmt":"2022-07-03T23:52:29","slug":"nos-merecemos-otro-mexico-y-empezamos-el-2023-por-el-edomex-eric-sevilla","status":"publish","type":"post","link":"https:\/\/www.notiflashmexiquense.com.mx\/?p=7425","title":{"rendered":"NOS MERECEMOS OTRO M\u00c9XICO Y EMPEZAMOS EL 2023 POR EL EDOM\u00c9X: ERIC SEVILLA"},"content":{"rendered":"\n<p>\u00b7&nbsp;&nbsp;&nbsp;&nbsp;&nbsp;&nbsp;<strong>Nuestra consigna es trabajar por un proyecto de pa\u00eds, se\u00f1al\u00f3 el l\u00edder del PRI mexiquense.<\/strong><\/p>\n\n\n\n<p>Nada en la vida es eterno y en dos a\u00f1os se acaba la magia de este gobierno federal que tiene al pa\u00eds hecho pedazos, ya no se puede tapar el sol con un dedo, \u201cno hay nada que les salga bien, no hay crecimiento, inversi\u00f3n, trabajo, todo es un desastre\u201d, se\u00f1al\u00f3 el presidente del Comit\u00e9 Directivo Estatal (CDE) del PRI, Eric Sevilla. \u201cNos merecemos otro M\u00e9xico y tenemos que luchar para lograrlo desde el Estado de M\u00e9xico\u201d, afirm\u00f3.<\/p>\n\n\n\n<p>Durante un encuentro con la militancia de Tlatlaya, llam\u00f3 a pelear juntos en el pr\u00f3ximo proceso electoral para renovar la gubernatura, porque no luchamos solo contra un partido, \u201cdefendamos el proyecto de naci\u00f3n para nuestros hijos, de ese tama\u00f1o es nuestro compromiso y lo demostraremos en unidad\u201d.<\/p>\n\n\n\n<p>\u201cEstamos en un momento trascendente para el Estado de M\u00e9xico, este 2023 ser\u00e1 la madre de todas las batallas, la elecci\u00f3n de elecciones, es sin lugar a dudas la elecci\u00f3n m\u00e1s importante que va a tener nuestro pa\u00eds\u201d, puntualiz\u00f3 el dirigente estatal priista ante la diputada federal Jazm\u00edn Jaimes Albarr\u00e1n.<\/p>\n\n\n\n<p>Para la militancia priista no hay marcha atr\u00e1s en este momento de definiciones porque est\u00e1 en riesgo el futuro de la patria, dijo acompa\u00f1ado de la Secretaria General, Monserrath Sobreyra Santos, y los secretarios de Operaci\u00f3n Pol\u00edtica, Alejandro Fern\u00e1ndez y de Organizaci\u00f3n, Pablo Bedolla.<\/p>\n\n\n\n<p>De tal forma, convoc\u00f3 a la militancia a trabajar para enfrentar la pr\u00f3xima elecci\u00f3n con una estructura de partido renovada de los sectores y organizaciones, comit\u00e9s municipales y seccionales, porque lo que pase en la entidad mexiquense repercutir\u00e1 de manera contundente en la elecci\u00f3n del 2024.<\/p>\n\n\n\n<p>Estamos en una consigna de trabajar por un proyecto personal de vida, la lucha del pr\u00f3ximo a\u00f1o es por nuestras familias, \u201csomos un pa\u00eds de cuarta desde hace casi 4 a\u00f1os y desde entonces est\u00e1n acabando con nuestro legado, nos juntaremos y vamos a poder, le vamos a entrar todos\u201d, enfatiz\u00f3.<\/p>\n\n\n\n<p>En el Estado de M\u00e9xico, los priistas tienen que trabajar sin descanso para salvar la patria en la que crecimos y los valores que nos dieron, todos en torno a los liderazgos del partido, estableci\u00f3 el dirigente estatal.<\/p>\n","protected":false},"excerpt":{"rendered":"<p>&middot;&nbsp;&nbsp;&nbsp;&nbsp;&nbsp;&nbsp;Nuestra consigna es trabajar por un proyecto de pa&iacute;s, se&ntilde;al&oacute; el l&iacute;der del PRI mexiquense&#8230;.<\/p>\n","protected":false},"author":1,"featured_media":7426,"comment_status":"closed","ping_status":"closed","sticky":false,"template":"","format":"standard","meta":{"footnotes":""},"categories":[65],"tags":[],"class_list":["post-7425","post","type-post","status-publish","format-standard","has-post-thumbnail","hentry","category-pri-estado-de-mexico"],"_links":{"self":[{"href":"https:\/\/www.notiflashmexiquense.com.mx\/index.php?rest_route=\/wp\/v2\/posts\/7425","targetHints":{"allow":["GET"]}}],"collection":[{"href":"https:\/\/www.notiflashmexiquense.com.mx\/index.php?rest_route=\/wp\/v2\/posts"}],"about":[{"href":"https:\/\/www.notiflashmexiquense.com.mx\/index.php?rest_route=\/wp\/v2\/types\/post"}],"author":[{"embeddable":true,"href":"https:\/\/www.notiflashmexiquense.com.mx\/index.php?rest_route=\/wp\/v2\/users\/1"}],"replies":[{"embeddable":true,"href":"https:\/\/www.notiflashmexiquense.com.mx\/index.php?rest_route=%2Fwp%2Fv2%2Fcomments&post=7425"}],"version-history":[{"count":1,"href":"https:\/\/www.notiflashmexiquense.com.mx\/index.php?rest_route=\/wp\/v2\/posts\/7425\/revisions"}],"predecessor-version":[{"id":7427,"href":"https:\/\/www.notiflashmexiquense.com.mx\/index.php?rest_route=\/wp\/v2\/posts\/7425\/revisions\/7427"}],"wp:featuredmedia":[{"embeddable":true,"href":"https:\/\/www.notiflashmexiquense.com.mx\/index.php?rest_route=\/wp\/v2\/media\/7426"}],"wp:attachment":[{"href":"https:\/\/www.notiflashmexiquense.com.mx\/index.php?rest_route=%2Fwp%2Fv2%2Fmedia&parent=7425"}],"wp:term":[{"taxonomy":"category","embeddable":true,"href":"https:\/\/www.notiflashmexiquense.com.mx\/index.php?rest_route=%2Fwp%2Fv2%2Fcategories&post=7425"},{"taxonomy":"post_tag","embeddable":true,"href":"https:\/\/www.notiflashmexiquense.com.mx\/index.php?rest_route=%2Fwp%2Fv2%2Ftags&post=7425"}],"curies":[{"name":"wp","href":"https:\/\/api.w.org\/{rel}","templated":true}]}}