{"id":7408,"date":"2022-07-02T19:21:28","date_gmt":"2022-07-02T19:21:28","guid":{"rendered":"https:\/\/www.notiflashmexiquense.com.mx\/?p=7408"},"modified":"2022-07-02T19:21:29","modified_gmt":"2022-07-02T19:21:29","slug":"karla-fiesco-mas-cerca-de-la-ciudadania-izcallense","status":"publish","type":"post","link":"https:\/\/www.notiflashmexiquense.com.mx\/?p=7408","title":{"rendered":"KARLA FIESCO M\u00c1S CERCA DE LA CIUDADAN\u00cdA IZCALLENSE"},"content":{"rendered":"\n<pre class=\"wp-block-code\"><code>_- La presidenta de Cuautitl\u00e1n Izcalli y los directores de las diferentes \u00e1reas del Gobierno Municipal estrechando la mano de m\u00e1s de 500 izcallenses_<\/code><\/pre>\n\n\n\n<p>Con el objetivo de estar m\u00e1s cerca de la ciudadan\u00eda izcallense, el Gobierno Municipal que encabeza, Karla Leticia Fiesco Garc\u00eda, llev\u00f3 a cabo el \u201cD\u00eda Ciudadano\u201d en la colonia Cumbria.<\/p>\n\n\n\n<p>A primera hora, la alcaldesa, en conjunto con los directores de las diferentes dependencias del Gobierno Municipal, se dieron cita en las calles de la colonia Cumbria, donde estrecharon la mano de m\u00e1s de 500 ciudadanos, escuchando sus peticiones en materia de seguridad, bacheo, luminarias, fugas de agua, entre otros.<\/p>\n\n\n\n<p>Fiesco Garc\u00eda destac\u00f3 que esta actividad busca fortalecer el v\u00ednculo entre sociedad y gobierno, \u201cestamos abiertos a escuchar las cr\u00edticas y demandas, porque de eso se trata, fortalecer el v\u00ednculo entre sociedad y gobierno, para saber qu\u00e9 es lo que piensan, esto nos ayuda a mejorar, ya que tenemos el compromiso de hacerlo\u201d, dijo.<\/p>\n\n\n\n<p>De igual manera, en la plaza Isidro Fabela, todas las \u00e1reas de la Administraci\u00f3n Municipal colocaron mesas informativas con temas como mercados, v\u00eda p\u00fablica y normatividad, exhibici\u00f3n de drones por parte del C4, informaci\u00f3n de la C\u00e9lula de B\u00fasqueda, poda y donaci\u00f3n de \u00e1rboles, tr\u00e1mites de licencias de construcci\u00f3n, tenencia de la tierra, asesor\u00edas jur\u00eddicas, activaci\u00f3n f\u00edsica, adem\u00e1s de que pudieron realizar su pago de predial y agua.<\/p>\n\n\n\n<p>Asimismo, el Sistema Municipal DIF en conjunto con la direcci\u00f3n de Desarrollo Social, realizaron una jornada con consulta odontol\u00f3gica y psicol\u00f3gica, registro civil, atenci\u00f3n ciudadana, asesor\u00eda jur\u00eddica, planificaci\u00f3n familiar, toma de peso y talla, as\u00ed como una unidad de servicios nutricionales.<\/p>\n\n\n\n<p>Cabe resaltar que el \u201cD\u00eda Ciudadano\u201d es un programa permanente el cual llegar\u00e1 a todas las colonias del municipio a fin de conocer sus peticiones, mismas que ser\u00e1n turnadas a las \u00e1reas correspondientes para su atenci\u00f3n. El Gobierno Municipal de Cuautitl\u00e1n Izcalli es un gobierno m\u00e1s cercano a la ciudadan\u00eda.<br>\u20140\u2013<\/p>\n","protected":false},"excerpt":{"rendered":"<p>Con el objetivo de estar m&aacute;s cerca de la ciudadan&iacute;a izcallense, el Gobierno Municipal que&#8230;<\/p>\n","protected":false},"author":1,"featured_media":7409,"comment_status":"closed","ping_status":"closed","sticky":false,"template":"","format":"standard","meta":{"footnotes":""},"categories":[1],"tags":[],"class_list":["post-7408","post","type-post","status-publish","format-standard","has-post-thumbnail","hentry","category-noticias"],"_links":{"self":[{"href":"https:\/\/www.notiflashmexiquense.com.mx\/index.php?rest_route=\/wp\/v2\/posts\/7408","targetHints":{"allow":["GET"]}}],"collection":[{"href":"https:\/\/www.notiflashmexiquense.com.mx\/index.php?rest_route=\/wp\/v2\/posts"}],"about":[{"href":"https:\/\/www.notiflashmexiquense.com.mx\/index.php?rest_route=\/wp\/v2\/types\/post"}],"author":[{"embeddable":true,"href":"https:\/\/www.notiflashmexiquense.com.mx\/index.php?rest_route=\/wp\/v2\/users\/1"}],"replies":[{"embeddable":true,"href":"https:\/\/www.notiflashmexiquense.com.mx\/index.php?rest_route=%2Fwp%2Fv2%2Fcomments&post=7408"}],"version-history":[{"count":1,"href":"https:\/\/www.notiflashmexiquense.com.mx\/index.php?rest_route=\/wp\/v2\/posts\/7408\/revisions"}],"predecessor-version":[{"id":7410,"href":"https:\/\/www.notiflashmexiquense.com.mx\/index.php?rest_route=\/wp\/v2\/posts\/7408\/revisions\/7410"}],"wp:featuredmedia":[{"embeddable":true,"href":"https:\/\/www.notiflashmexiquense.com.mx\/index.php?rest_route=\/wp\/v2\/media\/7409"}],"wp:attachment":[{"href":"https:\/\/www.notiflashmexiquense.com.mx\/index.php?rest_route=%2Fwp%2Fv2%2Fmedia&parent=7408"}],"wp:term":[{"taxonomy":"category","embeddable":true,"href":"https:\/\/www.notiflashmexiquense.com.mx\/index.php?rest_route=%2Fwp%2Fv2%2Fcategories&post=7408"},{"taxonomy":"post_tag","embeddable":true,"href":"https:\/\/www.notiflashmexiquense.com.mx\/index.php?rest_route=%2Fwp%2Fv2%2Ftags&post=7408"}],"curies":[{"name":"wp","href":"https:\/\/api.w.org\/{rel}","templated":true}]}}