{"id":7402,"date":"2022-07-02T03:10:28","date_gmt":"2022-07-02T03:10:28","guid":{"rendered":"https:\/\/www.notiflashmexiquense.com.mx\/?p=7402"},"modified":"2022-07-02T03:10:29","modified_gmt":"2022-07-02T03:10:29","slug":"camina-el-pri-con-las-causas-de-los-jovenes-eric-sevilla","status":"publish","type":"post","link":"https:\/\/www.notiflashmexiquense.com.mx\/?p=7402","title":{"rendered":"CAMINA EL PRI CON LAS CAUSAS DE LOS J\u00d3VENES: ERIC SEVILLA"},"content":{"rendered":"\n<p>\u00b7&nbsp;&nbsp;&nbsp;&nbsp;&nbsp;&nbsp;&nbsp;&nbsp;&nbsp;<strong>En la toma de protesta de la nueva dirigencia de la Red de J\u00f3venes X M\u00e9xico, el presidente del Comit\u00e9 Directivo Estatal dijo que es tiempo de alzar la voz y demostrar que esta tierra les pertenece.<\/strong><\/p>\n\n\n\n<p>Al se\u00f1alar que el gobierno federal es omiso en atender las causas de los j\u00f3venes, el presidente del Comit\u00e9 Directivo Estatal (CDE) del PRI, Eric Sevilla, reprob\u00f3 que piensen que una d\u00e1diva les permitir\u00e1 construir su futuro, pues vulnera sus derechos a la educaci\u00f3n, salud, vivienda, ingresos y un ambiente sano.<\/p>\n\n\n\n<p>Hoy m\u00e1s que nunca, en el PRI se entiende la impaciencia de los j\u00f3venes \u201cpor eso debemos caminar a su paso y solidarizarnos con sus causas, con el fin de trabajar juntos para lograr que sus ideales sean la realidad de todos los d\u00edas\u201d, manifest\u00f3 en la toma de protesta de Javier Barrios Vega como dirigente estatal de la Red de J\u00f3venes X M\u00e9xico.<\/p>\n\n\n\n<p>\u201cTenemos un Estado fallido que incumple su tarea principal de proteger a las familias, los abrazos no solucionan la violencia, la muerte de dos Jesuitas y la balacera en un centro de vacunaci\u00f3n son muestra de lo que viven a diario miles de mexicanos\u201d, expuso en la toma de protesta de la nueva dirigencia juvenil.<\/p>\n\n\n\n<p>Acompa\u00f1ado del dirigente de la Red Nacional de J\u00f3venes por M\u00e9xico, Carlos Guti\u00e9rrez Mancilla, y del Secretario de Organizaci\u00f3n del CEN priista, Ricardo Aguilar Castillo, se\u00f1al\u00f3 que un joven no debe permitir que le quiten la libertad de pensar y de actuar conforme a su conciencia.<\/p>\n\n\n\n<p>\u201cNuestro pa\u00eds no quiere m\u00e1s enga\u00f1os, no m\u00e1s manipulaciones, no m\u00e1s culpas al pasado ni promesas incumplidas; es tiempo de reconstruir nuestra patria, ese es nuestro compromiso y lo vamos a lograr una vez m\u00e1s, pues contamos hoy como nunca con el liderazgo del gobernador Alfredo del Mazo Maza, quien da muestra de firmeza y decisi\u00f3n para atender los problemas m\u00e1s urgentes de la entidad\u201d, dijo.<\/p>\n\n\n\n<p>A nuestro gobernador no lo para nadie a pesar de las dificultades que enfrent\u00f3 su administraci\u00f3n \u201cno descansa un solo d\u00eda para seguir cumpliendo a los mexiquenses\u201d, puntualiz\u00f3.<\/p>\n\n\n\n<p>Como nunca antes, la elecci\u00f3n del pr\u00f3ximo a\u00f1o demanda del coraje, iniciativa y atrevimiento de los j\u00f3venes, \u201cser\u00e1 una batalla que reclama desde ahora que se &nbsp;levante la voz y se suban al barco para darle rumbo a este pa\u00eds, es la oportunidad para que defiendan sus derechos y de cuidar celosamente sus causas y mantener sus sue\u00f1os\u201d, agreg\u00f3.<\/p>\n\n\n\n<p>Extern\u00f3, finalmente, que es tiempo de demostrar que esta tierra tambi\u00e9n les pertenece y la van a defender con las armas de la raz\u00f3n y la verdad; \u201ces momento de salir a las calles para que la gente nos vea actuando, es tiempo para que los j\u00f3venes escriban la nueva historia de vida que tendr\u00e1 el Estado de M\u00e9xico\u201d.<\/p>\n","protected":false},"excerpt":{"rendered":"<p>&middot;&nbsp;&nbsp;&nbsp;&nbsp;&nbsp;&nbsp;&nbsp;&nbsp;&nbsp;En la toma de protesta de la nueva dirigencia de la Red de J&oacute;venes X&#8230;<\/p>\n","protected":false},"author":1,"featured_media":7403,"comment_status":"closed","ping_status":"closed","sticky":false,"template":"","format":"standard","meta":{"footnotes":""},"categories":[65],"tags":[],"class_list":["post-7402","post","type-post","status-publish","format-standard","has-post-thumbnail","hentry","category-pri-estado-de-mexico"],"_links":{"self":[{"href":"https:\/\/www.notiflashmexiquense.com.mx\/index.php?rest_route=\/wp\/v2\/posts\/7402","targetHints":{"allow":["GET"]}}],"collection":[{"href":"https:\/\/www.notiflashmexiquense.com.mx\/index.php?rest_route=\/wp\/v2\/posts"}],"about":[{"href":"https:\/\/www.notiflashmexiquense.com.mx\/index.php?rest_route=\/wp\/v2\/types\/post"}],"author":[{"embeddable":true,"href":"https:\/\/www.notiflashmexiquense.com.mx\/index.php?rest_route=\/wp\/v2\/users\/1"}],"replies":[{"embeddable":true,"href":"https:\/\/www.notiflashmexiquense.com.mx\/index.php?rest_route=%2Fwp%2Fv2%2Fcomments&post=7402"}],"version-history":[{"count":1,"href":"https:\/\/www.notiflashmexiquense.com.mx\/index.php?rest_route=\/wp\/v2\/posts\/7402\/revisions"}],"predecessor-version":[{"id":7404,"href":"https:\/\/www.notiflashmexiquense.com.mx\/index.php?rest_route=\/wp\/v2\/posts\/7402\/revisions\/7404"}],"wp:featuredmedia":[{"embeddable":true,"href":"https:\/\/www.notiflashmexiquense.com.mx\/index.php?rest_route=\/wp\/v2\/media\/7403"}],"wp:attachment":[{"href":"https:\/\/www.notiflashmexiquense.com.mx\/index.php?rest_route=%2Fwp%2Fv2%2Fmedia&parent=7402"}],"wp:term":[{"taxonomy":"category","embeddable":true,"href":"https:\/\/www.notiflashmexiquense.com.mx\/index.php?rest_route=%2Fwp%2Fv2%2Fcategories&post=7402"},{"taxonomy":"post_tag","embeddable":true,"href":"https:\/\/www.notiflashmexiquense.com.mx\/index.php?rest_route=%2Fwp%2Fv2%2Ftags&post=7402"}],"curies":[{"name":"wp","href":"https:\/\/api.w.org\/{rel}","templated":true}]}}