{"id":7399,"date":"2022-07-02T03:04:31","date_gmt":"2022-07-02T03:04:31","guid":{"rendered":"https:\/\/www.notiflashmexiquense.com.mx\/?p=7399"},"modified":"2022-07-02T03:04:32","modified_gmt":"2022-07-02T03:04:32","slug":"designan-a-subdirectora-de-transito-en-naucalpan","status":"publish","type":"post","link":"https:\/\/www.notiflashmexiquense.com.mx\/?p=7399","title":{"rendered":"DESIGNAN A SUBDIRECTORA DE TR\u00c1NSITO EN NAUCALPAN"},"content":{"rendered":"\n<p>En seguimiento a la estrategia de fortalecimiento en materia de seguridad y combate a la corrupci\u00f3n anunciado hace unos d\u00edas por la alcaldesa, Ang\u00e9lica Moya Mar\u00edn, el d\u00eda de hoy se design\u00f3 a Yessica Er\u00e9ndira Ortega Cerda, como subdirectora de Tr\u00e1nsito Municipal de Naucalpan, quien fue presentada esta tarde oficialmente a los elementos de la corporaci\u00f3n.<\/p>\n\n\n\n<p>La nueva subdirectora de tr\u00e1nsito es licenciada en derecho y cuenta con una maestr\u00eda en derecho y juicios orales, as\u00ed como experiencia de m\u00e1s de 20 a\u00f1os en materia de seguridad e impartici\u00f3n de justicia. Se ven\u00eda desempe\u00f1ado en la fiscal\u00eda regional de Naucalpan, por lo que cuenta con certificaci\u00f3n vigente en las evaluaciones de control de confianza.<\/p>\n\n\n\n<p>La presidenta municipal, Ang\u00e9lica Moya Mar\u00edn, le ha encomendado a la maestra Yessica Ortega que se inicie un proceso de depuraci\u00f3n al interior de la subdirecci\u00f3n a su cargo, as\u00ed como que se realice la actualizaci\u00f3n y modernizaci\u00f3n institucional que permita la implementaci\u00f3n de estrategias de mitigaci\u00f3n vial para brindar mejores condiciones de movilidad a los naucalpenses.<\/p>\n\n\n\n<p>Moya Mar\u00edn reitera su compromiso de continuar tomando acciones, escuchando las demandas vecinales y trabajando por garantizar la seguridad y calidad de vida de los ciudadanos.<\/p>\n","protected":false},"excerpt":{"rendered":"<p>En seguimiento a la estrategia de fortalecimiento en materia de seguridad y combate a la&#8230;<\/p>\n","protected":false},"author":1,"featured_media":7400,"comment_status":"closed","ping_status":"closed","sticky":false,"template":"","format":"standard","meta":{"footnotes":""},"categories":[45],"tags":[],"class_list":["post-7399","post","type-post","status-publish","format-standard","has-post-thumbnail","hentry","category-atizapan-de-zaragoza"],"_links":{"self":[{"href":"https:\/\/www.notiflashmexiquense.com.mx\/index.php?rest_route=\/wp\/v2\/posts\/7399","targetHints":{"allow":["GET"]}}],"collection":[{"href":"https:\/\/www.notiflashmexiquense.com.mx\/index.php?rest_route=\/wp\/v2\/posts"}],"about":[{"href":"https:\/\/www.notiflashmexiquense.com.mx\/index.php?rest_route=\/wp\/v2\/types\/post"}],"author":[{"embeddable":true,"href":"https:\/\/www.notiflashmexiquense.com.mx\/index.php?rest_route=\/wp\/v2\/users\/1"}],"replies":[{"embeddable":true,"href":"https:\/\/www.notiflashmexiquense.com.mx\/index.php?rest_route=%2Fwp%2Fv2%2Fcomments&post=7399"}],"version-history":[{"count":1,"href":"https:\/\/www.notiflashmexiquense.com.mx\/index.php?rest_route=\/wp\/v2\/posts\/7399\/revisions"}],"predecessor-version":[{"id":7401,"href":"https:\/\/www.notiflashmexiquense.com.mx\/index.php?rest_route=\/wp\/v2\/posts\/7399\/revisions\/7401"}],"wp:featuredmedia":[{"embeddable":true,"href":"https:\/\/www.notiflashmexiquense.com.mx\/index.php?rest_route=\/wp\/v2\/media\/7400"}],"wp:attachment":[{"href":"https:\/\/www.notiflashmexiquense.com.mx\/index.php?rest_route=%2Fwp%2Fv2%2Fmedia&parent=7399"}],"wp:term":[{"taxonomy":"category","embeddable":true,"href":"https:\/\/www.notiflashmexiquense.com.mx\/index.php?rest_route=%2Fwp%2Fv2%2Fcategories&post=7399"},{"taxonomy":"post_tag","embeddable":true,"href":"https:\/\/www.notiflashmexiquense.com.mx\/index.php?rest_route=%2Fwp%2Fv2%2Ftags&post=7399"}],"curies":[{"name":"wp","href":"https:\/\/api.w.org\/{rel}","templated":true}]}}