{"id":7396,"date":"2022-07-02T01:58:43","date_gmt":"2022-07-02T01:58:43","guid":{"rendered":"https:\/\/www.notiflashmexiquense.com.mx\/?p=7396"},"modified":"2022-07-02T01:58:45","modified_gmt":"2022-07-02T01:58:45","slug":"se-une-accion-nacional-a-festejos-con-causa","status":"publish","type":"post","link":"https:\/\/www.notiflashmexiquense.com.mx\/?p=7396","title":{"rendered":"SE UNE ACCI\u00d3N NACIONAL A FESTEJOS CON CAUSA"},"content":{"rendered":"\n<p>\u00fc&nbsp;&nbsp;<strong>Menores que cumplir\u00e1n 15 a\u00f1os podr\u00e1n celebrarlo juntos a sus mam\u00e1s que est\u00e1n privadas de la libertad<\/strong><\/p>\n\n\n\n<p>\u00fc&nbsp;&nbsp;<strong>Fundaci\u00f3n Alas de Amor, Hm\u00e4di, actores y Diputados locales hacen realidad el sue\u00f1o de 17 j\u00f3venes<\/strong><\/p>\n\n\n\n<p>\u00abEstamos para construir un mejor M\u00e9xico, un mejor futuro\u00bb, asever\u00f3 Enrique Vargas del Villar, coordinador parlamentario del Partido Acci\u00f3n Nacional en la LXI Legislatura del Estado de M\u00e9xico, durante la presentaci\u00f3n del proyecto \u00abSue\u00f1os de quincea\u00f1eras\u00bb.<\/p>\n\n\n\n<p>Con \u00e9ste se busca reafirmar el v\u00ednculo familiar entre hijas e hijos de mujeres privadas de la libertad, por lo que 16 mujeres y un joven, celebrar\u00e1n sus quince a\u00f1os con el apoyo de la Fundaci\u00f3n Alas de Amor, Hm\u00e4di, actores y los Diputados locales, Ingrid Schemelensky Castro y Enrique Vargas del Villar.<\/p>\n\n\n\n<p>Al respecto el coordinador parlamentario del PAN en el congreso local, Enrique Vargas del Villar se\u00f1al\u00f3 que este proyecto es muy humano, ya que les va a quedar el recuerdo toda la vida a las j\u00f3venes y al joven, quienes no deben ser revictimizados a causa de su situaci\u00f3n familiar.<\/p>\n\n\n\n<p>Record\u00f3, que desde la fracci\u00f3n parlamentaria de Acci\u00f3n Nacional han ayudado a 8 mujeres a obtener su libertad, ya que debido a la falta de recursos econ\u00f3micos no hab\u00edan podido hacer frente al pago de reparaci\u00f3n del da\u00f1o o la fianza y ahora, ya se encuentran en casa.<\/p>\n\n\n\n<p>Mencion\u00f3&nbsp; que a trav\u00e9s las y los Diputados mexiquenses del PAN, mujeres que se encuentren en prisi\u00f3n pueden buscar apoyo para obtener su libertad, siempre y cuando su situaci\u00f3n jur\u00eddica lo permita.<\/p>\n\n\n\n<p>V\u00edctor Rub\u00e9n Hern\u00e1ndez, fundador de Alas de Amor, detall\u00f3 que el pr\u00f3ximo viernes las y el festejado, saldr\u00e1n del Palacio del Ayuntamiento en el Centro Hist\u00f3rico de la Ciudad de M\u00e9xico, hacia el reclusorio de Santa Martha Acatitla donde esperan sus familiares.<\/p>\n\n\n\n<p>Cabe se\u00f1alar que las 16 j\u00f3venes quincea\u00f1eras recibieron sus vestidos, zapatos y sesi\u00f3n de peinado y maquillaje, por parte de distintos patrocinadores; en tanto que el joven Brandon, recibi\u00f3 un traje, calzado y dinero en efectivo por parte del diputado Enrique Vargas del Villar.<\/p>\n","protected":false},"excerpt":{"rendered":"<p>&uuml;&nbsp;&nbsp;Menores que cumplir&aacute;n 15 a&ntilde;os podr&aacute;n celebrarlo juntos a sus mam&aacute;s que est&aacute;n privadas de&#8230;<\/p>\n","protected":false},"author":1,"featured_media":7397,"comment_status":"closed","ping_status":"closed","sticky":false,"template":"","format":"standard","meta":{"footnotes":""},"categories":[1],"tags":[],"class_list":["post-7396","post","type-post","status-publish","format-standard","has-post-thumbnail","hentry","category-noticias"],"_links":{"self":[{"href":"https:\/\/www.notiflashmexiquense.com.mx\/index.php?rest_route=\/wp\/v2\/posts\/7396","targetHints":{"allow":["GET"]}}],"collection":[{"href":"https:\/\/www.notiflashmexiquense.com.mx\/index.php?rest_route=\/wp\/v2\/posts"}],"about":[{"href":"https:\/\/www.notiflashmexiquense.com.mx\/index.php?rest_route=\/wp\/v2\/types\/post"}],"author":[{"embeddable":true,"href":"https:\/\/www.notiflashmexiquense.com.mx\/index.php?rest_route=\/wp\/v2\/users\/1"}],"replies":[{"embeddable":true,"href":"https:\/\/www.notiflashmexiquense.com.mx\/index.php?rest_route=%2Fwp%2Fv2%2Fcomments&post=7396"}],"version-history":[{"count":1,"href":"https:\/\/www.notiflashmexiquense.com.mx\/index.php?rest_route=\/wp\/v2\/posts\/7396\/revisions"}],"predecessor-version":[{"id":7398,"href":"https:\/\/www.notiflashmexiquense.com.mx\/index.php?rest_route=\/wp\/v2\/posts\/7396\/revisions\/7398"}],"wp:featuredmedia":[{"embeddable":true,"href":"https:\/\/www.notiflashmexiquense.com.mx\/index.php?rest_route=\/wp\/v2\/media\/7397"}],"wp:attachment":[{"href":"https:\/\/www.notiflashmexiquense.com.mx\/index.php?rest_route=%2Fwp%2Fv2%2Fmedia&parent=7396"}],"wp:term":[{"taxonomy":"category","embeddable":true,"href":"https:\/\/www.notiflashmexiquense.com.mx\/index.php?rest_route=%2Fwp%2Fv2%2Fcategories&post=7396"},{"taxonomy":"post_tag","embeddable":true,"href":"https:\/\/www.notiflashmexiquense.com.mx\/index.php?rest_route=%2Fwp%2Fv2%2Ftags&post=7396"}],"curies":[{"name":"wp","href":"https:\/\/api.w.org\/{rel}","templated":true}]}}