{"id":7393,"date":"2022-07-02T01:23:47","date_gmt":"2022-07-02T01:23:47","guid":{"rendered":"https:\/\/www.notiflashmexiquense.com.mx\/?p=7393"},"modified":"2022-07-02T01:23:48","modified_gmt":"2022-07-02T01:23:48","slug":"gobierno-municipal-y-estatal-suman-esfuerzos-para-brindar-atencion-integral-a-los-adultos-mayores","status":"publish","type":"post","link":"https:\/\/www.notiflashmexiquense.com.mx\/?p=7393","title":{"rendered":"GOBIERNO MUNICIPAL Y ESTATAL SUMAN ESFUERZOS PARA BRINDAR ATENCI\u00d3N INTEGRAL A LOS ADULTOS MAYORES"},"content":{"rendered":"\n<p>\u25cf El Alcalde Marco Antonio Rodr\u00edguez Hurtado resalt\u00f3 la importancia de sumar esfuerzos para garantizar el bienestar de este sector poblacional<br>\u25cf Instancias estatales ofrecieron atenci\u00f3n m\u00e9dica, gerontol\u00f3gica, visual, entre otros servicios<\/p>\n\n\n\n<p><em>Tlalnepantla de Baz, Estado de M\u00e9xico, a 01 de julio de 2022<\/em>.- Tlalnepantla fue sede de la Brigada Multidisciplinaria de Atenci\u00f3n a Personas Adultas Mayores en la que se ofrecieron diversos servicios a los tlalnepantlenses de la tercera edad, entre ellos, atenci\u00f3n m\u00e9dica, gerontol\u00f3gica, asesor\u00eda psicol\u00f3gica, jur\u00eddica, nutricional, por mencionar s\u00f3lo algunos.<\/p>\n\n\n\n<p>Al encabezar esta jornada, el Alcalde Marco Antonio Rodr\u00edguez Hurtado enfatiz\u00f3 que la atenci\u00f3n de los adultos mayores ha sido una prioridad para este gobierno, por lo que el apoyo que las autoridades estatales brindan es fundamental para garantizar una mejor calidad de vida a quienes han sido los forjadores de lo que hoy es Tlalnepantla.<\/p>\n\n\n\n<p>\u00abEsta brigada multidisciplinaria es muy importante para nosotros porque sabemos que el darle un espacio y una atenci\u00f3n a nuestras&nbsp;&nbsp; personas de la tercera edad es darles vida, motivaci\u00f3n, respeto y cari\u00f1o, y hoy con agrado vemos que nuestro gobernador tiene la misma pol\u00edtica que tenemos en Tlalnepantla, que es trabajar por quienes ya dieron todo por nosotros\u00bb, enfatiz\u00f3 el Mun\u00edcipe.<\/p>\n\n\n\n<p>Ante el Secretario T\u00e9cnico de Regi\u00f3n XIX, Alejandro Abad Lara, y el Subsecretario de Desarrollo Regional Valle de M\u00e9xico Zona Nororiente, Fred Rescala Jim\u00e9nez, el Alcalde de Tlalnepantla anunci\u00f3 que los programas y acciones en beneficio de este sector de la poblaci\u00f3n continuar\u00e1n llevando a cabo, a trav\u00e9s del Sistema Municipal DIF, priorizando siempre su salud, su bienestar y su recreaci\u00f3n, factores que son fundamentales para mantenerlos activos.<\/p>\n\n\n\n<p>Acompa\u00f1ado de la Presidenta del DIF local, Tony Rodr\u00edguez supervis\u00f3 la atenci\u00f3n que recibieron los tlalnepantlenses en los m\u00f3dulos del DIF estatal, Imevis, la unidad m\u00f3vil optom\u00e9trica y de las distintas instancias que se dieron cita a esta jornada.<\/p>\n\n\n\n<p>Las autoridades estatales resaltaron las pol\u00edticas p\u00fablicas que Tlalnepantla lleva a cabo en pro de este sector, cuyo esfuerzo y dedicaci\u00f3n han sido trascendentales para la consolidaci\u00f3n del pa\u00eds.<\/p>\n\n\n\n<p>Reiteraron su disposici\u00f3n de seguir trabajando conjuntamente para acercar beneficios a los sectores m\u00e1s vulnerables y procurarles condiciones dignas de desarrollo.<\/p>\n\n\n\n<p>En este marco fueron entregados distintos apoyos funcionales a tlalnepantlenses que requer\u00edan de andaderas, sillas de rueda y bast\u00f3n, para poder realizar sus actividades b\u00e1sicas.<\/p>\n","protected":false},"excerpt":{"rendered":"<p>&#9679; El Alcalde Marco Antonio Rodr&iacute;guez Hurtado resalt&oacute; la importancia de sumar esfuerzos para garantizar&#8230;<\/p>\n","protected":false},"author":1,"featured_media":7394,"comment_status":"closed","ping_status":"closed","sticky":false,"template":"","format":"standard","meta":{"footnotes":""},"categories":[45],"tags":[],"class_list":["post-7393","post","type-post","status-publish","format-standard","has-post-thumbnail","hentry","category-atizapan-de-zaragoza"],"_links":{"self":[{"href":"https:\/\/www.notiflashmexiquense.com.mx\/index.php?rest_route=\/wp\/v2\/posts\/7393","targetHints":{"allow":["GET"]}}],"collection":[{"href":"https:\/\/www.notiflashmexiquense.com.mx\/index.php?rest_route=\/wp\/v2\/posts"}],"about":[{"href":"https:\/\/www.notiflashmexiquense.com.mx\/index.php?rest_route=\/wp\/v2\/types\/post"}],"author":[{"embeddable":true,"href":"https:\/\/www.notiflashmexiquense.com.mx\/index.php?rest_route=\/wp\/v2\/users\/1"}],"replies":[{"embeddable":true,"href":"https:\/\/www.notiflashmexiquense.com.mx\/index.php?rest_route=%2Fwp%2Fv2%2Fcomments&post=7393"}],"version-history":[{"count":1,"href":"https:\/\/www.notiflashmexiquense.com.mx\/index.php?rest_route=\/wp\/v2\/posts\/7393\/revisions"}],"predecessor-version":[{"id":7395,"href":"https:\/\/www.notiflashmexiquense.com.mx\/index.php?rest_route=\/wp\/v2\/posts\/7393\/revisions\/7395"}],"wp:featuredmedia":[{"embeddable":true,"href":"https:\/\/www.notiflashmexiquense.com.mx\/index.php?rest_route=\/wp\/v2\/media\/7394"}],"wp:attachment":[{"href":"https:\/\/www.notiflashmexiquense.com.mx\/index.php?rest_route=%2Fwp%2Fv2%2Fmedia&parent=7393"}],"wp:term":[{"taxonomy":"category","embeddable":true,"href":"https:\/\/www.notiflashmexiquense.com.mx\/index.php?rest_route=%2Fwp%2Fv2%2Fcategories&post=7393"},{"taxonomy":"post_tag","embeddable":true,"href":"https:\/\/www.notiflashmexiquense.com.mx\/index.php?rest_route=%2Fwp%2Fv2%2Ftags&post=7393"}],"curies":[{"name":"wp","href":"https:\/\/api.w.org\/{rel}","templated":true}]}}