{"id":7384,"date":"2022-07-01T18:48:10","date_gmt":"2022-07-01T18:48:10","guid":{"rendered":"https:\/\/www.notiflashmexiquense.com.mx\/?p=7384"},"modified":"2022-07-01T18:48:11","modified_gmt":"2022-07-01T18:48:11","slug":"entregan-en-atizapan-de-zaragoza-actas-con-reasignacion-de-genero-y-plantan-arbol-de-la-diversidad","status":"publish","type":"post","link":"https:\/\/www.notiflashmexiquense.com.mx\/?p=7384","title":{"rendered":"ENTREGAN EN ATIZAP\u00c1N DE ZARAGOZA ACTAS CON REASIGNACI\u00d3N DE G\u00c9NERO Y PLANTAN \u201c\u00c1RBOL DE LA DIVERSIDAD\u201d"},"content":{"rendered":"\n<p>En Atizap\u00e1n de Zaragoza, el Registro Civil entreg\u00f3 cuatro actas de nacimiento por reconocimiento de la identidad de g\u00e9nero y cambio de nombre en el marco del D\u00eda Nacional e Internacional de la Diversidad Sexual y el Orgullo LGBTTTI+, en el que adem\u00e1s funcionarios y ciudadan\u00eda plantaron el denominado \u201c\u00c1rbol de la Diversidad\u201d y develaron su placa, a un costado de la explanada del Palacio Municipal.<\/p>\n\n\n\n<p>Como parte de la ceremonia, autoridades estatales, municipales, de la Comisi\u00f3n Nacional de los Derechos Humanos y el Comit\u00e9 LGBTTTI+ firmaron compromisos de colaboraci\u00f3n para la inclusi\u00f3n, prevenci\u00f3n, erradicaci\u00f3n de la desigualdad y el ejercicio del derecho a una vida libre de violencia y sin discriminaci\u00f3n.<\/p>\n\n\n\n<p>Sergio Hern\u00e1ndez Olvera, Secretario del Ayuntamiento, en representaci\u00f3n del Presidente Municipal, Pedro Rodr\u00edguez Villegas, refrend\u00f3 el compromiso que autoridades municipales tienen para seguir impulsando y apoyando las pol\u00edticas p\u00fablicas necesarias para fomentar el respeto, la tolerancia y la inclusi\u00f3n de la diversidad sexual.<\/p>\n\n\n\n<p>\u201cCuenten con Atizap\u00e1n de Zaragoza, siempre ser\u00e1 su aliado\u201d, asegur\u00f3.<\/p>\n\n\n\n<p>En el Estado de M\u00e9xico, el 29 de junio de 2021, se realiz\u00f3 la primera reasignaci\u00f3n sexogen\u00e9rica y a partir de ella se han tramitado 400 solicitudes procedentes, de las cuales 273 han sido a favor de mujeres y 127 a favor de hombres.<\/p>\n\n\n\n<p>La edad promedio de quienes lo solicitan es de 26 a\u00f1os y el municipio donde m\u00e1s tr\u00e1mites se han celebrado es Nezahualc\u00f3yotl, de acuerdo con C\u00e9sar Enrique S\u00e1nchez Mill\u00e1n, Director General del Registro Civil en el Estado de M\u00e9xico.<\/p>\n\n\n\n<p>\u201cM\u00e1s que un documento, es la certeza; m\u00e1s que un acta, es la identidad misma. Quiero que recuerden este d\u00eda como el d\u00eda en el que sus derechos humanos son respetados en igualdad de circunstancias, como el d\u00eda en que a partir de hoy no tendr\u00e1n que volver a ver un documento sabiendo que no las representa, un sustantivo propio con el cual no se identifican y un pronombre con el que no sienten esa identidad\u201d, agreg\u00f3.<\/p>\n\n\n\n<p><em>LOS COMPROMISOS<\/em><\/p>\n\n\n\n<p>Entre los compromisos de colaboraci\u00f3n firmados destacan apoyar las \u00e1reas y grupos en situaci\u00f3n de vulnerabilidad, la modificaci\u00f3n e inclusi\u00f3n en el Bando Municipal en atenci\u00f3n a la poblaci\u00f3n LGBTTTI+; revisar la legislaci\u00f3n municipal desde la perspectiva de la diversidad sexual, corporal y de g\u00e9nero, a fin de derogar o reformar aquellas que se consideren discriminatorias.<\/p>\n\n\n\n<p>Igualmente, incidir en los procesos de creaci\u00f3n e implementaci\u00f3n de pol\u00edticas p\u00fablicas y leyes, as\u00ed como en la toma de decisiones que influyan en la vida de las personas integrantes de la poblaci\u00f3n LGBTTTI+, erradicaci\u00f3n de la violencia o discriminaci\u00f3n, implementaci\u00f3n de programas y acciones afirmativas dirigidas a la misma poblaci\u00f3n para acabar con el acoso escolar, entre otros.<\/p>\n\n\n\n<p>A la ceremonia tambi\u00e9n acudieron Martha Hilda Gonz\u00e1lez Calder\u00f3n, Secretaria de la Mujer del Estado de M\u00e9xico; Claudia Franco Mart\u00ednez, directora general de la Primera Visitadur\u00eda y representante de Mar\u00eda del Rosario Ibarra, presidenta de la CNDH; Irma Araceli Garc\u00eda, presidenta de la Comisi\u00f3n de Derechos Humanos del Estado de M\u00e9xico; Mariano Ruiz Zubieta, Subdirector del Registro Civil del Valle de M\u00e9xico Zona nororiente; Alma Berenice Hern\u00e1ndez Escobar, Oficial 2 y 6 del Registro Civil en Atizap\u00e1n de Zaragoza; Philippe Chedraoui Aneste, presidente del Comit\u00e9 LGBTTTI+ y grupos en situaci\u00f3n vulnerable del municipio, as\u00ed como Debanhi Suhey Buenrostro V\u00e1zquez, representante de esa comunidad.<\/p>\n","protected":false},"excerpt":{"rendered":"<p>En Atizap&aacute;n de Zaragoza, el Registro Civil entreg&oacute; cuatro actas de nacimiento por reconocimiento de&#8230;<\/p>\n","protected":false},"author":1,"featured_media":7385,"comment_status":"closed","ping_status":"closed","sticky":false,"template":"","format":"standard","meta":{"footnotes":""},"categories":[45],"tags":[],"class_list":["post-7384","post","type-post","status-publish","format-standard","has-post-thumbnail","hentry","category-atizapan-de-zaragoza"],"_links":{"self":[{"href":"https:\/\/www.notiflashmexiquense.com.mx\/index.php?rest_route=\/wp\/v2\/posts\/7384","targetHints":{"allow":["GET"]}}],"collection":[{"href":"https:\/\/www.notiflashmexiquense.com.mx\/index.php?rest_route=\/wp\/v2\/posts"}],"about":[{"href":"https:\/\/www.notiflashmexiquense.com.mx\/index.php?rest_route=\/wp\/v2\/types\/post"}],"author":[{"embeddable":true,"href":"https:\/\/www.notiflashmexiquense.com.mx\/index.php?rest_route=\/wp\/v2\/users\/1"}],"replies":[{"embeddable":true,"href":"https:\/\/www.notiflashmexiquense.com.mx\/index.php?rest_route=%2Fwp%2Fv2%2Fcomments&post=7384"}],"version-history":[{"count":1,"href":"https:\/\/www.notiflashmexiquense.com.mx\/index.php?rest_route=\/wp\/v2\/posts\/7384\/revisions"}],"predecessor-version":[{"id":7386,"href":"https:\/\/www.notiflashmexiquense.com.mx\/index.php?rest_route=\/wp\/v2\/posts\/7384\/revisions\/7386"}],"wp:featuredmedia":[{"embeddable":true,"href":"https:\/\/www.notiflashmexiquense.com.mx\/index.php?rest_route=\/wp\/v2\/media\/7385"}],"wp:attachment":[{"href":"https:\/\/www.notiflashmexiquense.com.mx\/index.php?rest_route=%2Fwp%2Fv2%2Fmedia&parent=7384"}],"wp:term":[{"taxonomy":"category","embeddable":true,"href":"https:\/\/www.notiflashmexiquense.com.mx\/index.php?rest_route=%2Fwp%2Fv2%2Fcategories&post=7384"},{"taxonomy":"post_tag","embeddable":true,"href":"https:\/\/www.notiflashmexiquense.com.mx\/index.php?rest_route=%2Fwp%2Fv2%2Ftags&post=7384"}],"curies":[{"name":"wp","href":"https:\/\/api.w.org\/{rel}","templated":true}]}}