{"id":7325,"date":"2022-06-30T01:52:06","date_gmt":"2022-06-30T01:52:06","guid":{"rendered":"https:\/\/www.notiflashmexiquense.com.mx\/?p=7325"},"modified":"2022-06-30T01:52:06","modified_gmt":"2022-06-30T01:52:06","slug":"morena-atenta-a-la-actuacion-de-la-nueva-presidenta-del-ieem-critica-incisiva-del-partido-y-de-amlo","status":"publish","type":"post","link":"https:\/\/www.notiflashmexiquense.com.mx\/?p=7325","title":{"rendered":"Morena atenta a la actuaci\u00f3n de la nueva presidenta del IEEM; cr\u00edtica incisiva del partido y de AMLO"},"content":{"rendered":"\n<p>*Inviable seguir con instituciones electorales que en realidad responden a intereses de grupos<\/p>\n\n\n\n<p>*Morena y la bancada del Congreso Local defender\u00e1n, dentro del marco legal, el proceso electoral del 2023<\/p>\n\n\n\n<p>*Diputado mexiquense se\u00f1ala conflicto de intereses de Amalia Pulido<\/p>\n\n\n\n<p>Ecatepec, M\u00e9x, 29 de junio del 2022.-El diputado local Faustino de la Cruz P\u00e9rez afirm\u00f3 que legisladores locales de Morena se mantendr\u00e1n atentos al desempe\u00f1o de Amalia Pulido, quien ser\u00e1 la nueva presidenta del Instituto Electoral del Estado de M\u00e9xico (IEEM) y responsable de la organizaci\u00f3n de la elecci\u00f3n para renovar gubernatura en el 2023.<\/p>\n\n\n\n<p>Amalia Pulido ha sido una cr\u00edtica del Movimiento de Regeneraci\u00f3n Nacional Morena, al que ha definido como un partido no profesional sin estructura como las que tiene el PRI o el PAN, en recientes publicaciones. Tambi\u00e9n sus incisivas cr\u00edticas al Presidente de la Rep\u00fablica, Manuel L\u00f3pez Obrador, \u201cpone en duda su desempe\u00f1o y su actuaci\u00f3n de forma congruente e imparcial de la responsable del \u00e1rbitro de la elecci\u00f3n 2023, cuando se renovar\u00e1 la gubernatura\u201d, advirti\u00f3 el legislador de Morena Faustino de la Cruz P\u00e9rez.<\/p>\n\n\n\n<p>\u201cEs inviable seguir con instituciones electorales que en realidad responden a intereses de grupos, por lo que Morena se mantendr\u00e1 atento al desempe\u00f1o de Amalia Pulido, pues est\u00e1 casada con Bernardo Almaraz, actual titular del Consejo Mexiquense de Ciencia y Tecnolog\u00eda, quien se desempe\u00f1\u00f3 como Jefe de la Oficina de Enlace de la Gubernatura del Estado de M\u00e9xico con Alfredo Del Mazo Maza\u201d, seg\u00fan algunas publicaciones period\u00edsticas, dijo.<\/p>\n\n\n\n<p>Confi\u00f3 en que se comporte de \u201cmanera imparcial y no como una extensi\u00f3n del PRIAN\u201d; partidos que ella misma define como \u201cprofesionales\u201d, que no fueron de mucha utilidad en las anteriores elecciones, cuando perdieron en las urnas cuatro de seis gubernaturas, a\u00fan con alianzas vergonzosas, sentenci\u00f3.<\/p>\n\n\n\n<p>El legislador advirti\u00f3 que su partido (Morena) y la bancada del Congreso Local \u201cactuar\u00e1n con los medios necesarios para defender, dentro del marco legal, el orden p\u00fablico y la democracia, durante el proceso electoral del 2023, cuando se espera un triunfo rotundo de nuestro partido para relevar al PRI en el gobierno estatal\u201d.<\/p>\n\n\n\n<p>E insisti\u00f3: \u201cNuevamente el Instituto Electoral del Estado de M\u00e9xico (IEEM) y el Instituto Nacional de Electores (INE) exhibe sus sesgos partidistas\u201d, al determinar como \u00e1rbitro de la elecci\u00f3n a Amalia Pulido como nueva presidenta del \u00f3rgano electoral estatal para el 2022-2029, quien tambi\u00e9n ser\u00e1 responsable de organizar la elecci\u00f3n presidencial junto con la renovaci\u00f3n de las presidencias municipales, as\u00ed como diputaciones locales y federales.<\/p>\n\n\n\n<p>Tambi\u00e9n, subray\u00f3 que \u201cla propuesta que ha hecho el presidente de la Rep\u00fablica de una reforma profunda en el pa\u00eds conlleva que los organismos estatales puedan dejar de funcionar, por significar un alto costo al pueblo, por lo poco transparente que son y porque se han convertido en cuotas de poder de los partidos pol\u00edticos y convierten a la sociedad en sus rehenes para servir m\u00e1s a los intereses de grupos\u201d.<\/p>\n\n\n\n<p>Y reiter\u00f3 \u201cquien tiene que dirigir los destinos del Instituto tiene que ser una persona totalmente imparcial y profesionalmente \u00e9tica, en el quehacer del tema electoral\u201d.<\/p>\n","protected":false},"excerpt":{"rendered":"<p>*Inviable seguir con instituciones electorales que en realidad responden a intereses de grupos *Morena y&#8230;<\/p>\n","protected":false},"author":1,"featured_media":7326,"comment_status":"closed","ping_status":"closed","sticky":false,"template":"","format":"standard","meta":{"footnotes":""},"categories":[42],"tags":[],"class_list":["post-7325","post","type-post","status-publish","format-standard","has-post-thumbnail","hentry","category-legislatura-mexiquense-nueva-etapa"],"_links":{"self":[{"href":"https:\/\/www.notiflashmexiquense.com.mx\/index.php?rest_route=\/wp\/v2\/posts\/7325","targetHints":{"allow":["GET"]}}],"collection":[{"href":"https:\/\/www.notiflashmexiquense.com.mx\/index.php?rest_route=\/wp\/v2\/posts"}],"about":[{"href":"https:\/\/www.notiflashmexiquense.com.mx\/index.php?rest_route=\/wp\/v2\/types\/post"}],"author":[{"embeddable":true,"href":"https:\/\/www.notiflashmexiquense.com.mx\/index.php?rest_route=\/wp\/v2\/users\/1"}],"replies":[{"embeddable":true,"href":"https:\/\/www.notiflashmexiquense.com.mx\/index.php?rest_route=%2Fwp%2Fv2%2Fcomments&post=7325"}],"version-history":[{"count":1,"href":"https:\/\/www.notiflashmexiquense.com.mx\/index.php?rest_route=\/wp\/v2\/posts\/7325\/revisions"}],"predecessor-version":[{"id":7327,"href":"https:\/\/www.notiflashmexiquense.com.mx\/index.php?rest_route=\/wp\/v2\/posts\/7325\/revisions\/7327"}],"wp:featuredmedia":[{"embeddable":true,"href":"https:\/\/www.notiflashmexiquense.com.mx\/index.php?rest_route=\/wp\/v2\/media\/7326"}],"wp:attachment":[{"href":"https:\/\/www.notiflashmexiquense.com.mx\/index.php?rest_route=%2Fwp%2Fv2%2Fmedia&parent=7325"}],"wp:term":[{"taxonomy":"category","embeddable":true,"href":"https:\/\/www.notiflashmexiquense.com.mx\/index.php?rest_route=%2Fwp%2Fv2%2Fcategories&post=7325"},{"taxonomy":"post_tag","embeddable":true,"href":"https:\/\/www.notiflashmexiquense.com.mx\/index.php?rest_route=%2Fwp%2Fv2%2Ftags&post=7325"}],"curies":[{"name":"wp","href":"https:\/\/api.w.org\/{rel}","templated":true}]}}