{"id":7308,"date":"2022-06-28T22:10:41","date_gmt":"2022-06-28T22:10:41","guid":{"rendered":"https:\/\/www.notiflashmexiquense.com.mx\/?p=7308"},"modified":"2022-06-28T22:10:42","modified_gmt":"2022-06-28T22:10:42","slug":"higinio-martinez-aceptara-el-resultado-de-la-encuesta-de-morena","status":"publish","type":"post","link":"https:\/\/www.notiflashmexiquense.com.mx\/?p=7308","title":{"rendered":"Higinio Mart\u00ednez aceptar\u00e1 el resultado de la encuesta de Morena"},"content":{"rendered":"\n<p>*Buscaba que la selecci\u00f3n fuera bajo consenso, pero no tomaron en cuenta su propuesta<\/p>\n\n\n\n<p>*La disyuntiva que tiene la dirigencia nacional es si van a reconocer y respetar a Mexiquenses de Coraz\u00f3n<\/p>\n\n\n\n<p>*\u00bbNo me miraron a los ojos para decir porque no me pod\u00edan apoyar en mi tarea de cambios importantes para el Edomex\u00bb reclam\u00f3 el senador a compa\u00f1eros de Morena<\/p>\n\n\n\n<p>Texcoco, M\u00e9x, 28 de junio de 2022.- Reflexivo al hablar sobre el 2023 y la candidatura a la gubernatura del Estado de M\u00e9xico, el senador Higinio Mart\u00ednez Miranda asegura que respetar\u00e1 el procedimiento de la encuesta, figura a trav\u00e9s de la que Morena seleccionar\u00e1 al coordinador del Comit\u00e9 por la Defensa de la 4T en el territorio mexiquense.<\/p>\n\n\n\n<p>Al t\u00e9rmino de un largo recorrido de casi dos a\u00f1os por todo el Estado de M\u00e9xico, donde celebr\u00f3 cientos de reuniones peque\u00f1as, medianas y masivas, a trav\u00e9s de las cuales surgi\u00f3 el movimiento Mexiquenses de Coraz\u00f3n y recibi\u00f3 el respaldo de miles de personas, el texcocano subraya que \u201cparticipe o no participe en dicha encuesta\u201d aceptar\u00e1 el resultado.<\/p>\n\n\n\n<p>Enfatiz\u00f3 que \u00e9l buscaba que la definici\u00f3n se realizar\u00e1 mediante consenso entre los l\u00edderes y militantes de Morena; pero no tomaron en cuenta su propuesta.<\/p>\n\n\n\n<p>A la vez que reclam\u00f3 a \u201cMis compa\u00f1eras y compa\u00f1eros que no aceptaron el reto de verme a los ojos y decirme el por qu\u00e9 no pod\u00edan apoyarme o en su caso porque no tuvieron el valor de pedirme mi apoyo para que ellos tuvieran \u00e9sta designaci\u00f3n\u201d.<\/p>\n\n\n\n<p>Sin embargo, consider\u00f3 que hoy la disyuntiva que tienen los dirigentes nacionales es si van a reconocer y respetar a Mexiquenses de Coraz\u00f3n, el movimiento m\u00e1s amplio del partido de la Esperanza en el Estado de M\u00e9xico.<\/p>\n\n\n\n<p>A pregunta expresa sobre \u00bfsi quiere ser gobernador? detall\u00f3 que no est\u00e1 obsesionado \u201cno soy ning\u00fan ambicioso vulgar\u201d, aunque tiene sue\u00f1os de cambios importantes para la entidad.<\/p>\n\n\n\n<p>Pero, con respecto al rumor de que si no es candidato se va a ir de Morena ataja que \u201cla traici\u00f3n y la deslealtad jam\u00e1s han estado de mi lado y a\u00f1adi\u00f3 que nunca va a traicionar su historia pol\u00edtica y p\u00fablica de 47 a\u00f1os de militancia partidista.<\/p>\n\n\n\n<p>Y para finalizar conf\u00eda en que la o el candidato de la 4T sea el mejor para no permitir que el PRI gobierne por 100 a\u00f1os el Estado de M\u00e9xico.<\/p>\n","protected":false},"excerpt":{"rendered":"<p>*Buscaba que la selecci&oacute;n fuera bajo consenso, pero no tomaron en cuenta su propuesta *La&#8230;<\/p>\n","protected":false},"author":1,"featured_media":7309,"comment_status":"closed","ping_status":"closed","sticky":false,"template":"","format":"standard","meta":{"footnotes":""},"categories":[1],"tags":[],"class_list":["post-7308","post","type-post","status-publish","format-standard","has-post-thumbnail","hentry","category-noticias"],"_links":{"self":[{"href":"https:\/\/www.notiflashmexiquense.com.mx\/index.php?rest_route=\/wp\/v2\/posts\/7308","targetHints":{"allow":["GET"]}}],"collection":[{"href":"https:\/\/www.notiflashmexiquense.com.mx\/index.php?rest_route=\/wp\/v2\/posts"}],"about":[{"href":"https:\/\/www.notiflashmexiquense.com.mx\/index.php?rest_route=\/wp\/v2\/types\/post"}],"author":[{"embeddable":true,"href":"https:\/\/www.notiflashmexiquense.com.mx\/index.php?rest_route=\/wp\/v2\/users\/1"}],"replies":[{"embeddable":true,"href":"https:\/\/www.notiflashmexiquense.com.mx\/index.php?rest_route=%2Fwp%2Fv2%2Fcomments&post=7308"}],"version-history":[{"count":1,"href":"https:\/\/www.notiflashmexiquense.com.mx\/index.php?rest_route=\/wp\/v2\/posts\/7308\/revisions"}],"predecessor-version":[{"id":7310,"href":"https:\/\/www.notiflashmexiquense.com.mx\/index.php?rest_route=\/wp\/v2\/posts\/7308\/revisions\/7310"}],"wp:featuredmedia":[{"embeddable":true,"href":"https:\/\/www.notiflashmexiquense.com.mx\/index.php?rest_route=\/wp\/v2\/media\/7309"}],"wp:attachment":[{"href":"https:\/\/www.notiflashmexiquense.com.mx\/index.php?rest_route=%2Fwp%2Fv2%2Fmedia&parent=7308"}],"wp:term":[{"taxonomy":"category","embeddable":true,"href":"https:\/\/www.notiflashmexiquense.com.mx\/index.php?rest_route=%2Fwp%2Fv2%2Fcategories&post=7308"},{"taxonomy":"post_tag","embeddable":true,"href":"https:\/\/www.notiflashmexiquense.com.mx\/index.php?rest_route=%2Fwp%2Fv2%2Ftags&post=7308"}],"curies":[{"name":"wp","href":"https:\/\/api.w.org\/{rel}","templated":true}]}}