{"id":7277,"date":"2022-06-27T00:55:02","date_gmt":"2022-06-27T00:55:02","guid":{"rendered":"https:\/\/www.notiflashmexiquense.com.mx\/?p=7277"},"modified":"2022-06-27T00:55:03","modified_gmt":"2022-06-27T00:55:03","slug":"el-voto-de-las-mujeres-sera-determinante-para-alzar-en-el-triunfo-a-morena","status":"publish","type":"post","link":"https:\/\/www.notiflashmexiquense.com.mx\/?p=7277","title":{"rendered":"El voto de las mujeres ser\u00e1 determinante para alzar en el triunfo a Morena"},"content":{"rendered":"\n<p>\uf0d8 Los programas sociales del gobernador Alfredo del Mazo son insuficientes para atender las necesidades de las mujeres<\/p>\n\n\n\n<p>\uf0d8 El gobierno estatal emanado del PRI ignora la violencia contra las mujeres<\/p>\n\n\n\n<p>Azcapotzalco, CdMx, 26 de junio de 2022.-La senadora Martha Guerrero afirm\u00f3 que, en las elecciones de junio de 2023 para renovar la gubernatura en el Estado de M\u00e9xico, el voto de las mujeres ser\u00e1 determinante para alcanzar el triunfo de Morena.<\/p>\n\n\n\n<p>En su intervenci\u00f3n, en la convenci\u00f3n Mexiquenses de Coraz\u00f3n, donde se dieron cita miles de mujeres para apoyar al senador Higinio Mart\u00ednez, Guerrero, refiri\u00f3 que hace 67 a\u00f1os, las mujeres mexicanas lograron el reconocimiento de su derecho ciudadano a votar y para el 2023 \u201clas mujeres vamos de definir la elecci\u00f3n, pues en el listado nominal somos m\u00e1s de la mitad\u201d. \u201cSu participaci\u00f3n ser\u00e1 determinante\u201d, enfatiz\u00f3.<\/p>\n\n\n\n<p>La tambi\u00e9n delegada de Morena en el Estado de M\u00e9xico, arremeti\u00f3 contra el gobernador Alfredo del Mazo al decir que sus programas sociales son insuficientes para atender las necesidades de las mujeres que viven condiciones de desigualdad carentes de servicios m\u00e9dicos y de los m\u00e1s elementales servicios, sin dejar de mencionar que son v\u00edctimas de violencia\u201d.<\/p>\n\n\n\n<p>Estas condiciones en las que viven las mujeres no lo resuelve el programa de Tarjetas Rosas que distribuye el gobierno estatal, una pr\u00e1ctica clientelar de los programas sociales orientado a las mujeres, a quienes \u201cinsulta\u201d, dijo.<\/p>\n\n\n\n<p>El gobierno estatal emanado del PRI ignora la violencia contra las mujeres que deriva en una violencia extrema que es el feminicidio, sentenci\u00f3 Martha Guerrero.<\/p>\n\n\n\n<p>Y la delegada de la 4T puntualiz\u00f3: \u201cHoy, las mujeres mexiquenses tenemos el compromiso de concretar en el 2023 el triunfo por nuestros derechos, por mejores condiciones de vida, para no ser ignoradas, para formar parte de la toma de decisiones que transformen al Estado de M\u00e9xico y alzar en el triunfo a Morena\u201d.<\/p>\n","protected":false},"excerpt":{"rendered":"<p>&#61656; Los programas sociales del gobernador Alfredo del Mazo son insuficientes para atender las necesidades&#8230;<\/p>\n","protected":false},"author":1,"featured_media":7278,"comment_status":"closed","ping_status":"closed","sticky":false,"template":"","format":"standard","meta":{"footnotes":""},"categories":[1],"tags":[],"class_list":["post-7277","post","type-post","status-publish","format-standard","has-post-thumbnail","hentry","category-noticias"],"_links":{"self":[{"href":"https:\/\/www.notiflashmexiquense.com.mx\/index.php?rest_route=\/wp\/v2\/posts\/7277","targetHints":{"allow":["GET"]}}],"collection":[{"href":"https:\/\/www.notiflashmexiquense.com.mx\/index.php?rest_route=\/wp\/v2\/posts"}],"about":[{"href":"https:\/\/www.notiflashmexiquense.com.mx\/index.php?rest_route=\/wp\/v2\/types\/post"}],"author":[{"embeddable":true,"href":"https:\/\/www.notiflashmexiquense.com.mx\/index.php?rest_route=\/wp\/v2\/users\/1"}],"replies":[{"embeddable":true,"href":"https:\/\/www.notiflashmexiquense.com.mx\/index.php?rest_route=%2Fwp%2Fv2%2Fcomments&post=7277"}],"version-history":[{"count":1,"href":"https:\/\/www.notiflashmexiquense.com.mx\/index.php?rest_route=\/wp\/v2\/posts\/7277\/revisions"}],"predecessor-version":[{"id":7279,"href":"https:\/\/www.notiflashmexiquense.com.mx\/index.php?rest_route=\/wp\/v2\/posts\/7277\/revisions\/7279"}],"wp:featuredmedia":[{"embeddable":true,"href":"https:\/\/www.notiflashmexiquense.com.mx\/index.php?rest_route=\/wp\/v2\/media\/7278"}],"wp:attachment":[{"href":"https:\/\/www.notiflashmexiquense.com.mx\/index.php?rest_route=%2Fwp%2Fv2%2Fmedia&parent=7277"}],"wp:term":[{"taxonomy":"category","embeddable":true,"href":"https:\/\/www.notiflashmexiquense.com.mx\/index.php?rest_route=%2Fwp%2Fv2%2Fcategories&post=7277"},{"taxonomy":"post_tag","embeddable":true,"href":"https:\/\/www.notiflashmexiquense.com.mx\/index.php?rest_route=%2Fwp%2Fv2%2Ftags&post=7277"}],"curies":[{"name":"wp","href":"https:\/\/api.w.org\/{rel}","templated":true}]}}