{"id":7261,"date":"2022-06-26T18:37:14","date_gmt":"2022-06-26T18:37:14","guid":{"rendered":"https:\/\/www.notiflashmexiquense.com.mx\/?p=7261"},"modified":"2022-06-26T18:37:15","modified_gmt":"2022-06-26T18:37:15","slug":"gobierno-de-cuautitlan-izcalli-conmemora-su-49-aniversario-realizando-actividades-en-espacios-dignos-y-mas-seguros-para-generar-la-union-familiar-y-fortalecer-los-valores","status":"publish","type":"post","link":"https:\/\/www.notiflashmexiquense.com.mx\/?p=7261","title":{"rendered":"GOBIERNO DE CUAUTITL\u00c1N IZCALLI CONMEMORA SU 49 ANIVERSARIO, REALIZANDO ACTIVIDADES EN ESPACIOS DIGNOS Y M\u00c1S SEGUROS PARA GENERAR LA UNI\u00d3N FAMILIAR Y FORTALECER LOS VALORES"},"content":{"rendered":"\n<p><br>\u00a0<br><em>&#8211; Decenas de familias disfrutaron de diversas actividades recreativas en C. Izcalli<\/em><br><em>\u00a0\u00a0 &#8211; Familias participaron con divertidos momentos en \u201cMi Clan Izcalli\u201d<\/em><br>\u00a0\u00a0_ -Primer Festival \u201cEl Vino y Queso\u201d en el Parque de Las Esculturas_<br>\u00a0\u00a0 <em>&#8211; M\u00e1s de 250 izcallenses disfrutaron de la carrera de obst\u00e1culos \u201cIzcalli Race\u201d<\/em><br>\u00a0<br>Con el objetivo de reconstruir el tejido social y fortalecer los lazos familiares, brindando espacios dignos y con m\u00e1s seguridad, el Gobierno Municipal por indicaciones de la alcaldesa Karla Leticia Fiesco Garc\u00eda, llev\u00f3 a cabo el Rally &amp; Taco Fest \u201cMi Clan Izcalli\u201d, \u201cIzcalli Race\u201d y el Festival \u201cEl Vino y Queso\u201d, conmemorando el 49 aniversario de Cuautitl\u00e1n Izcalli.<br>\u00a0<br>A trav\u00e9s de estas actividades se busca reforzar la unidad familiar y fortalecer los valores mediante la actividad f\u00edsica y deportiva, por ello se realiz\u00f3 el Rally &amp; Taco Fest \u201cMi Clan Izcalli\u201d el cual estuvo a cargo del Sistema Municipal DIF, en donde familias izcallenses demostraron sus habilidades para superar distintas pruebas f\u00edsicas; las personas que no se inscribieron para participar disfrutaron de actividades y \u00e1rea de comida.<br>\u00a0<br>La presidenta del DIF, Jessica Jacqueline Villase\u00f1or Garc\u00eda, se\u00f1al\u00f3 que el Sistema Municipal tiene un gran compromiso, que es devolver a las familias espacios dignos y seguros donde puedan tener entretenimiento y a su vez retomar valores como: confianza, amor, paz y empat\u00eda, ya que esa es la mejor forma de festejar a Cuautitl\u00e1n Izcalli.<br>\u00a0<br>Las familias ganadoras fueron: en tercer lugar, \u201cLos Infonaprimos\u201d y en segundo lugar \u201cGuardianes de la Piedad\u201d, quienes recibieron aparatos electr\u00f3nicos.\u00a0De esta manera, los ganadores del primer lugar fueron el equipo \u201cPinos\u201d, quienes obtuvieron un viaje a Acapulco con todo pagado. Todos los asistentes disfrutaron del talento de los peque\u00f1os izcallenses Habana Zo\u00e9 y Leonardo Gabriel quienes los deleitaron con diversas canciones.<br>\u00a0<br>As\u00ed mismo las familias que se dieron cita este fin de semana en el Parque de las Esculturas, disfrutando del Primer Festival \u201cEl Vino y Queso de Cuautitl\u00e1n Izcalli\u201d, en donde participaron m\u00e1s de 40 stands ofreciendo vino, queso y artesan\u00edas; evento a cargo de la Direcci\u00f3n de Desarrollo Econ\u00f3mico a trav\u00e9s del Departamento de Fomento Tur\u00edstico, con el objetivo de fomentar el consumo de productos locales, dentro en un espacio seguro para los izcallenses.<br>\u00a0<br>El Gobierno Municipal a trav\u00e9s del Instituto Municipal del Deporte (INMUDECI); realiz\u00f3 la carrera de obst\u00e1culos \u201cIzcalli Race\u201d, el Parque Espejo de Los Lirios; en el cual m\u00e1s de 250 izcallenses disfrutaron en grande con sana convivencia, deliciosa comida en un ambiente sano y seguro.<br>\u00a0<br>A estas celebraciones asistieron el secretario el Ayuntamiento, Miguel \u00c1ngel Guti\u00e9rrez Pilloni; el primer s\u00edndico, Arturo Javier Del Moral; quinta regidora, Silvia Yaremi Nava Gonz\u00e1lez; el sexto regidor, Jos\u00e9 Antonio Luna Flores; la s\u00e9ptima regidora, Yareni Marcela Trejo Antonio; la d\u00e9cima primera regidora, Adali Magali Mu\u00f1oz Zapata; la directora del Sistema Municipal DIF, Isanami Paredes G\u00f3mez;\u00a0la titular del SIPINNA, Juana Mendoza Aguilar; el director del Instituto Municipal de la Juventud (IMJUCI), Luis Felipe de Jes\u00fas Huitr\u00f3n Gonz\u00e1lez; Jos\u00e9 Gardu\u00f1o L\u00f3pez Orto por parte de Orto Garto; la directora de Desarrollo Econ\u00f3mico, Ely Beatriz Quintana Becerril; el subdirector de Fomento Econ\u00f3mico, Ferndando Edgar Rojas Rom\u00e1n; la titular del Departamento de Fomento Tur\u00edstico, Mar\u00eda Eugenia Gonz\u00e1lez Cabellero y David Ram\u00edrez Zamudio, director del Instituto Municipal del Deporte (INMUDECI)<br>\u20140\u2014<\/p>\n","protected":false},"excerpt":{"rendered":"<p>&nbsp;&ndash; Decenas de familias disfrutaron de diversas actividades recreativas en C. Izcalli&nbsp;&nbsp; &ndash; Familias participaron&#8230;<\/p>\n","protected":false},"author":1,"featured_media":7262,"comment_status":"closed","ping_status":"closed","sticky":false,"template":"","format":"standard","meta":{"footnotes":""},"categories":[1],"tags":[],"class_list":["post-7261","post","type-post","status-publish","format-standard","has-post-thumbnail","hentry","category-noticias"],"_links":{"self":[{"href":"https:\/\/www.notiflashmexiquense.com.mx\/index.php?rest_route=\/wp\/v2\/posts\/7261","targetHints":{"allow":["GET"]}}],"collection":[{"href":"https:\/\/www.notiflashmexiquense.com.mx\/index.php?rest_route=\/wp\/v2\/posts"}],"about":[{"href":"https:\/\/www.notiflashmexiquense.com.mx\/index.php?rest_route=\/wp\/v2\/types\/post"}],"author":[{"embeddable":true,"href":"https:\/\/www.notiflashmexiquense.com.mx\/index.php?rest_route=\/wp\/v2\/users\/1"}],"replies":[{"embeddable":true,"href":"https:\/\/www.notiflashmexiquense.com.mx\/index.php?rest_route=%2Fwp%2Fv2%2Fcomments&post=7261"}],"version-history":[{"count":1,"href":"https:\/\/www.notiflashmexiquense.com.mx\/index.php?rest_route=\/wp\/v2\/posts\/7261\/revisions"}],"predecessor-version":[{"id":7263,"href":"https:\/\/www.notiflashmexiquense.com.mx\/index.php?rest_route=\/wp\/v2\/posts\/7261\/revisions\/7263"}],"wp:featuredmedia":[{"embeddable":true,"href":"https:\/\/www.notiflashmexiquense.com.mx\/index.php?rest_route=\/wp\/v2\/media\/7262"}],"wp:attachment":[{"href":"https:\/\/www.notiflashmexiquense.com.mx\/index.php?rest_route=%2Fwp%2Fv2%2Fmedia&parent=7261"}],"wp:term":[{"taxonomy":"category","embeddable":true,"href":"https:\/\/www.notiflashmexiquense.com.mx\/index.php?rest_route=%2Fwp%2Fv2%2Fcategories&post=7261"},{"taxonomy":"post_tag","embeddable":true,"href":"https:\/\/www.notiflashmexiquense.com.mx\/index.php?rest_route=%2Fwp%2Fv2%2Ftags&post=7261"}],"curies":[{"name":"wp","href":"https:\/\/api.w.org\/{rel}","templated":true}]}}