{"id":7255,"date":"2022-06-26T03:18:13","date_gmt":"2022-06-26T03:18:13","guid":{"rendered":"https:\/\/www.notiflashmexiquense.com.mx\/?p=7255"},"modified":"2022-06-26T03:18:13","modified_gmt":"2022-06-26T03:18:13","slug":"en-acolman-celebran-dia-naranja-con-un-zumbaton","status":"publish","type":"post","link":"https:\/\/www.notiflashmexiquense.com.mx\/?p=7255","title":{"rendered":"En Acolman celebran \u00abD\u00eda Naranja con un Zumbat\u00f3n\u00bb"},"content":{"rendered":"\n<p>*Para prevenir la violencia en contra de mujeres y ni\u00f1as, se suman cientos de acolmenses para generar conciencia. <\/p>\n\n\n\n<p>Acolman, M\u00e9xico, a 25 de junio de 2022. En \u00e9ste ayuntamiento conmemoraron el, \u00abD\u00eda Naranja\u00bb, para prevenir la violencia entre las mujeres y ni\u00f1as acolmenses, al ritmo de cumbia, salsa, merengue regueton, y hasta m\u00fasica disco. <\/p>\n\n\n\n<p>En el evento de este s\u00e1bado en la explanada municipal, donde vecinos del municipio y trabajadores de la administraci\u00f3n fueron encabezados por el presidente municipal, L.C. Rigoberto Cort\u00e9s Melgoza quien recalc\u00f3 la importancia de visibilizar este d\u00eda en todos los lugares y con todas las personas posibles.<\/p>\n\n\n\n<p>\u00abLa violencia en contra de las mujeres es un problema social asever\u00f3 que puede llegar al feminicidio\u201d, dijo.<\/p>\n\n\n\n<p>Enfatiz\u00f3 que se suma a este D\u00eda Naranja, en el que debe existir empat\u00eda, \u00aben pleno siglo XXI hay gente ap\u00e1tica que se expresa diciendo que ese tema es de viejas!\u201d extern\u00f3.<\/p>\n\n\n\n<p>Al t\u00e9rmino del evento, los asistentes que vest\u00edan de negro y con gorras anaranjadas hicieron un mo\u00f1o humano que pudo ser admirado desde las alturas.<\/p>\n\n\n\n<p>La actividad cont\u00f3 con la presencia de mujeres y hombres de diferentes edades, quienes durante poco m\u00e1s de una hora realizaron actividad f\u00edsica, guiados por el instructor Cristian Venegas Rangel.<\/p>\n\n\n\n<p>Con esta acci\u00f3n el gobierno busca concientizar a la sociedad, fomentando una nueva cultura de respeto hacia las mujeres y as\u00ed erradicar la violencia de g\u00e9nero.<\/p>\n\n\n\n<p>Cabe destacar que, este d\u00eda no solo se conmemora en el municipio, de acuerdo con cifras de la Organizaci\u00f3n de las Naciones Unidas (ONU), una de cada tres mujeres ha sufrido alg\u00fan tipo de violencia.<\/p>\n","protected":false},"excerpt":{"rendered":"<p>*Para prevenir la violencia en contra de mujeres y ni&ntilde;as, se suman cientos de acolmenses&#8230;<\/p>\n","protected":false},"author":1,"featured_media":7256,"comment_status":"closed","ping_status":"closed","sticky":false,"template":"","format":"standard","meta":{"footnotes":""},"categories":[15],"tags":[],"class_list":["post-7255","post","type-post","status-publish","format-standard","has-post-thumbnail","hentry","category-acolman"],"_links":{"self":[{"href":"https:\/\/www.notiflashmexiquense.com.mx\/index.php?rest_route=\/wp\/v2\/posts\/7255","targetHints":{"allow":["GET"]}}],"collection":[{"href":"https:\/\/www.notiflashmexiquense.com.mx\/index.php?rest_route=\/wp\/v2\/posts"}],"about":[{"href":"https:\/\/www.notiflashmexiquense.com.mx\/index.php?rest_route=\/wp\/v2\/types\/post"}],"author":[{"embeddable":true,"href":"https:\/\/www.notiflashmexiquense.com.mx\/index.php?rest_route=\/wp\/v2\/users\/1"}],"replies":[{"embeddable":true,"href":"https:\/\/www.notiflashmexiquense.com.mx\/index.php?rest_route=%2Fwp%2Fv2%2Fcomments&post=7255"}],"version-history":[{"count":1,"href":"https:\/\/www.notiflashmexiquense.com.mx\/index.php?rest_route=\/wp\/v2\/posts\/7255\/revisions"}],"predecessor-version":[{"id":7257,"href":"https:\/\/www.notiflashmexiquense.com.mx\/index.php?rest_route=\/wp\/v2\/posts\/7255\/revisions\/7257"}],"wp:featuredmedia":[{"embeddable":true,"href":"https:\/\/www.notiflashmexiquense.com.mx\/index.php?rest_route=\/wp\/v2\/media\/7256"}],"wp:attachment":[{"href":"https:\/\/www.notiflashmexiquense.com.mx\/index.php?rest_route=%2Fwp%2Fv2%2Fmedia&parent=7255"}],"wp:term":[{"taxonomy":"category","embeddable":true,"href":"https:\/\/www.notiflashmexiquense.com.mx\/index.php?rest_route=%2Fwp%2Fv2%2Fcategories&post=7255"},{"taxonomy":"post_tag","embeddable":true,"href":"https:\/\/www.notiflashmexiquense.com.mx\/index.php?rest_route=%2Fwp%2Fv2%2Ftags&post=7255"}],"curies":[{"name":"wp","href":"https:\/\/api.w.org\/{rel}","templated":true}]}}