{"id":7189,"date":"2022-06-23T21:48:13","date_gmt":"2022-06-23T21:48:13","guid":{"rendered":"https:\/\/www.notiflashmexiquense.com.mx\/?p=7189"},"modified":"2022-06-23T21:48:15","modified_gmt":"2022-06-23T21:48:15","slug":"prevencion-del-maltrato-animal-es-prioritaria-porque-es-el-principio-de-la-violencia-entre-la-ciudadania-diputados-morena","status":"publish","type":"post","link":"https:\/\/www.notiflashmexiquense.com.mx\/?p=7189","title":{"rendered":"Prevenci\u00f3n del maltrato animal es prioritaria porque es el principio de la violencia entre la ciudadan\u00eda: Diputados Morena"},"content":{"rendered":"\n<p>\uf0fc Es la obligaci\u00f3n del estado fomentar un trato digno y respetuoso a los animales: Beatriz Garc\u00eda<\/p>\n\n\n\n<p>\uf0fc Hay mucho por hacer en el tema de la prevenci\u00f3n sobre todo en el \u00e1mbito penal: LuzMa Hern\u00e1ndez<\/p>\n\n\n\n<p>\uf0fc Propone Faustino de la Cruz planteamiento integral del maltrato animal<\/p>\n\n\n\n<p>\uf0fc Para erradicar esta violencia se debe dar seguimiento con difusi\u00f3n y campa\u00f1as entre la ciudadan\u00eda: Marisol Mercado<\/p>\n\n\n\n<p>Toluca, M\u00e9x., 23 de junio de 2022. Las y los diputados de Morena se\u00f1alaron que el maltrato animal se debe abatir prioritariamente desde la prevenci\u00f3n, porque es el principio de la violencia hacia el resto de la ciudadan\u00eda, es un tema presente en la agenda legislativa, pero el ejecutivo estatal es quien tiene la obligaci\u00f3n de fomentar un trato digno y respetuoso a los animales y promover acciones e instituciones que ejecuten la ley, para ello aseguraron que respaldan y buscar\u00e1n una propuesta constitucionalmente viable.<\/p>\n\n\n\n<p>Al presidir la sesi\u00f3n de las Comisiones unidas de Procuraci\u00f3n y Administraci\u00f3n de Justicia con Protecci\u00f3n Ambiental y Cambio Clim\u00e1tico, donde se analiza la iniciativa para reformar el C\u00f3digo Penal del Estado de M\u00e9xico y C\u00f3digo de Biodiversidad del Estado de M\u00e9xico para abatir el maltrato animal, presentada por el PRD, el diputado Gerardo Ulloa P\u00e9rez, sugiri\u00f3 recabar las propuestas y sostener reuniones de trabajo para solicitar comentarios, a la Fiscal\u00eda General de Justicia del Estado de M\u00e9xico, as\u00ed como a la secretaria del Medio Ambiente, y a quienes tienen que ver con el tema, para abonar a los proponentes.<\/p>\n\n\n\n<p>En su oportunidad, la diputada Beatriz Garc\u00eda, tras la exposici\u00f3n de motivos, para abatir el maltrato animal, reconocimiento y sanciones a quienes incurran en esta pr\u00e1ctica, apoyo la propuesta que es un tema en la agenda legislativa, dijo, pero es la obligaci\u00f3n del estado fomentar un trato digno y respetuoso a los animales, donde el dolor y maltrato se eviten, la meta es lograr un trato libre de violencia a los animales y en contra parte la existencia, respeto y valoraci\u00f3n a cualquier especie animal.<\/p>\n\n\n\n<p>Y coincidi\u00f3 con sus compa\u00f1eros de bancada, LuzMa Hern\u00e1ndez y Faustino de la Cruz, en algunas imprecisiones en la redacci\u00f3n del art\u00edculo, que genera cierta confusi\u00f3n en los supuestos normativos que van a sancionar, por lo que pidi\u00f3 que sus aportaciones sean consideradas, para tener una mejor aplicaci\u00f3n de justicia en el tema, porque para prevenir el maltrato animal, es necesaria una normatividad que sea eficaz en su aplicaci\u00f3n y de observancia plena y absoluta para la ciudadan\u00eda.<\/p>\n\n\n\n<p>Asimismo, los legisladores de la bancada de Morena apuntaron que la Fiscal\u00eda General de Justicia del Estado de M\u00e9xico, puede apoyar con su opini\u00f3n, en una propuesta constitucionalmente viable, porque el maltrato animal, es el principio de la violencia hacia el resto de la ciudadan\u00eda, y si no somos exactos en el tema de la redacci\u00f3n de la ley, la aplicaci\u00f3n ser\u00eda muy escasa, como se ha visto y lamentablemente no se ha llevado a cabo la protecci\u00f3n animal, con las modificaciones hechas con anterioridad.<\/p>\n\n\n\n<p>En su intervenci\u00f3n, la diputada de Ecatepec, LuzMa Hern\u00e1ndez, celebr\u00f3 la propuesta, pero reiter\u00f3 que hay mucho por hacer en el tema de la prevenci\u00f3n, sobre todo en el \u00e1mbito penal, de manera coercitiva la aplicaci\u00f3n de multa o castigo, a quienes infrinjan un delito como el envenenamiento o pr\u00e1cticas de sufrimiento a los animales.<\/p>\n\n\n\n<p>Aunado a ello, reiter\u00f3 la morenista, en la iniciativa propuesta por el PRD, deben considerarse puntos esenciales, que se integre a la sociedad, autoridades e industria, porque si no queremos ver animales consideradas como plagas, se deben de ir a la prevenci\u00f3n.<\/p>\n\n\n\n<p>El diputado Faustino de la Cruz, integrante de la Comisi\u00f3n Legislativa de Procuraci\u00f3n y Administraci\u00f3n de Justicia, propuso un planteamiento m\u00e1s integral, si se va a abordar el tema, el maltrato de un ser sintiente va correlacionado con la conducta humana para violentar a otros.<\/p>\n\n\n\n<p>Expres\u00f3 que es un tema que est\u00e1 muy presente en esta actualidad y tiene que ver con el maltrato f\u00edsico, propuso revisar m\u00e1s a fondo, inclusive tener encuentros con las asociaciones defensoras de animales, as\u00ed como la barra de asociaciones m\u00e9dicas, porque es importante en lo legislativo aterrizar, ejemplific\u00f3, quienes son defensores de animales y los llevan a un consultorio, exigen atenci\u00f3n gratuita y eso tampoco puede ser.<\/p>\n\n\n\n<p>La diputada Edith Marisol Mercado, quien fungi\u00f3 como secretaria de las comisiones unidas, coment\u00f3 que, de acuerdo a estudios, el 70% de los perros se encuentran en situaci\u00f3n de calle, y 7 de cada 10 sufren de maltrato, en M\u00e9xico mueren cada a\u00f1o 60 mil animales a causa del maltrato que reciben. El INEGI informa que M\u00e9xico ocupa el tercer lugar mundial en maltrato animal y primero en Latinoam\u00e9rica en cuanto a animales que se encuentran en situaci\u00f3n de calle.<\/p>\n\n\n\n<p>En el Estado de M\u00e9xico se puede denunciar ante la Procuradur\u00eda de Protecci\u00f3n al Ambiente del Estado de M\u00e9xico, as\u00ed como la Procuradur\u00eda Federal de Protecci\u00f3n al Ambiente (Profepa) y la Secretar\u00eda de Medio Ambiente y Recursos Naturales (Semarnat) y destac\u00f3 que una vez que se apruebe la iniciativa se haga la difusi\u00f3n, campa\u00f1as entre la ciudadan\u00eda para erradicar el maltrato animal.<\/p>\n","protected":false},"excerpt":{"rendered":"<p>&#61692; Es la obligaci&oacute;n del estado fomentar un trato digno y respetuoso a los animales:&#8230;<\/p>\n","protected":false},"author":1,"featured_media":7190,"comment_status":"closed","ping_status":"closed","sticky":false,"template":"","format":"standard","meta":{"footnotes":""},"categories":[42],"tags":[],"class_list":["post-7189","post","type-post","status-publish","format-standard","has-post-thumbnail","hentry","category-legislatura-mexiquense-nueva-etapa"],"_links":{"self":[{"href":"https:\/\/www.notiflashmexiquense.com.mx\/index.php?rest_route=\/wp\/v2\/posts\/7189","targetHints":{"allow":["GET"]}}],"collection":[{"href":"https:\/\/www.notiflashmexiquense.com.mx\/index.php?rest_route=\/wp\/v2\/posts"}],"about":[{"href":"https:\/\/www.notiflashmexiquense.com.mx\/index.php?rest_route=\/wp\/v2\/types\/post"}],"author":[{"embeddable":true,"href":"https:\/\/www.notiflashmexiquense.com.mx\/index.php?rest_route=\/wp\/v2\/users\/1"}],"replies":[{"embeddable":true,"href":"https:\/\/www.notiflashmexiquense.com.mx\/index.php?rest_route=%2Fwp%2Fv2%2Fcomments&post=7189"}],"version-history":[{"count":1,"href":"https:\/\/www.notiflashmexiquense.com.mx\/index.php?rest_route=\/wp\/v2\/posts\/7189\/revisions"}],"predecessor-version":[{"id":7191,"href":"https:\/\/www.notiflashmexiquense.com.mx\/index.php?rest_route=\/wp\/v2\/posts\/7189\/revisions\/7191"}],"wp:featuredmedia":[{"embeddable":true,"href":"https:\/\/www.notiflashmexiquense.com.mx\/index.php?rest_route=\/wp\/v2\/media\/7190"}],"wp:attachment":[{"href":"https:\/\/www.notiflashmexiquense.com.mx\/index.php?rest_route=%2Fwp%2Fv2%2Fmedia&parent=7189"}],"wp:term":[{"taxonomy":"category","embeddable":true,"href":"https:\/\/www.notiflashmexiquense.com.mx\/index.php?rest_route=%2Fwp%2Fv2%2Fcategories&post=7189"},{"taxonomy":"post_tag","embeddable":true,"href":"https:\/\/www.notiflashmexiquense.com.mx\/index.php?rest_route=%2Fwp%2Fv2%2Ftags&post=7189"}],"curies":[{"name":"wp","href":"https:\/\/api.w.org\/{rel}","templated":true}]}}