{"id":7186,"date":"2022-06-23T21:02:07","date_gmt":"2022-06-23T21:02:07","guid":{"rendered":"https:\/\/www.notiflashmexiquense.com.mx\/?p=7186"},"modified":"2022-06-23T21:02:08","modified_gmt":"2022-06-23T21:02:08","slug":"reconoce-gerardo-ulloa-participacion-ciudadana-en-iniciativa-de-ley-organica-del-poder-judicial","status":"publish","type":"post","link":"https:\/\/www.notiflashmexiquense.com.mx\/?p=7186","title":{"rendered":"Reconoce Gerardo Ulloa participaci\u00f3n ciudadana en Iniciativa de Ley Org\u00e1nica del Poder Judicial"},"content":{"rendered":"\n<p>\uf0fc Plantea Ariel Ju\u00e1rez que la Defensor\u00eda P\u00fablica dependa del Poder Judicial<\/p>\n\n\n\n<p>\uf0fc Pide Karina Labastida mesa de trabajo para evaluar observaciones en materia de violencia de g\u00e9nero<\/p>\n\n\n\n<p>Toluca, M\u00e9x., a 23 de junio de 2022. El presidente de la Comisi\u00f3n de Procuraci\u00f3n y Administraci\u00f3n de Justicia, Gerardo Ulloa P\u00e9rez consider\u00f3 que la iniciativa de una nueva Ley Org\u00e1nica del Poder Judicial del Estado de M\u00e9xico contiene figuras innovadoras que abrir\u00e1n la posibilidad para que la justicia y los criterios jur\u00eddicos puedan construirse con la participaci\u00f3n de la sociedad.<\/p>\n\n\n\n<p>Durante la reuni\u00f3n de la comisi\u00f3n citada junto con la de Gobernaci\u00f3n y Puntos Constitucionales, el diputado Faustino de la Cruz quien fungi\u00f3 como secretario, present\u00f3 la exposici\u00f3n de motivos de la iniciativa enviada por el magistrado Ricardo Sodi Cu\u00e9llar, presidente del Tribunal Superior de Justicia y del Consejo de la Judicatura.<\/p>\n\n\n\n<p>Al leer el documento, detall\u00f3 que con la nueva Ley Org\u00e1nica se actualiza el r\u00e9gimen de responsabilidades administrativas de los servidores p\u00fablicos judiciales, al adecuarse la etapa de investigaci\u00f3n, el procedimiento de substanciaci\u00f3n, la autoridad que resolver\u00e1 y la sanci\u00f3n de la responsabilidad administrativa, adem\u00e1s de ampliarse las atribuciones o conductas que deben observar los mismos y cuyo incumplimiento o actualizaci\u00f3n de faltas administrativas los har\u00e1 acreedores a las sanciones que establece la Ley en esta materia.<\/p>\n\n\n\n<p>De igual forma, entre otras modificaciones, se precisan las facultades del Centro Estatal de Mediaci\u00f3n, Conciliaci\u00f3n y Justicia Restaurativa, as\u00ed como de la Escuela Judicial, adem\u00e1s de incluirse la figura de la Visitadur\u00eda Judicial como un \u00f3rgano auxiliar del Consejo de la Judicatura cuyo objeto ser\u00e1 verificar el funcionamiento de los \u00f3rganos jurisdiccionales a fin de lograr un ejercicio adecuado de la funci\u00f3n jurisdiccional, as\u00ed como la figura de la Prefectura, tambi\u00e9n como \u00f3rgano auxiliar del citado Consejo de la Judicatura, que tiene por objeto preservar el orden y vigilancia en las instalaciones del Poder Judicial.<\/p>\n\n\n\n<p>Al respecto, el diputado Gerardo Ulloa advirti\u00f3 que la iniciativa contiene figuras innovadoras que abren la posibilidad a la participaci\u00f3n de la ciudadan\u00eda, as\u00ed como de varios sectores de la sociedad y reconoci\u00f3 se considere crear una Sala de Asuntos Ind\u00edgenas y la posibilidad de establecer juzgados itinerantes.<br>Adicionalmente considero que la atribuci\u00f3n de la Sala Constitucional puede utilizarse como un medio de control preventivo, y que ser\u00eda apoyo para corroborar que los actos que emanen de la legislatura, no tengan vicios de inconstitucionalidad o sean violatorios de derechos humanos.<\/p>\n\n\n\n<p>En su intervenci\u00f3n, el diputado Ariel Ju\u00e1rez plante\u00f3 que se considere en la propuesta que la Defensor\u00eda P\u00fablica que hoy depende de la Secretar\u00eda de Justicia y Derechos Humanos, sea parte del Poder Judicial, con ello se busca un esquema de contrapesos y pidi\u00f3 que haya mesa de trabajo con los proponentes.<\/p>\n\n\n\n<p>De igual forma, la legisladora Karina Labastida respald\u00f3 el planteamiento de que se convoque a funcionarios del Poder Judicial a mesas de trabajo para abordar las observaciones realizadas por 17 diputadas y diputados que han participado en reuniones de la iniciativa Spotlight, sobre la capacitaci\u00f3n y profesionalizaci\u00f3n permanentes de los integrantes de este poder, los procesos de decisi\u00f3n y formalizaci\u00f3n de justicia administrativa, comunicaci\u00f3n judicial, protecci\u00f3n y defensa de los derechos humanos, igualdad y perspectiva de g\u00e9nero.<\/p>\n","protected":false},"excerpt":{"rendered":"<p>&#61692; Plantea Ariel Ju&aacute;rez que la Defensor&iacute;a P&uacute;blica dependa del Poder Judicial &#61692; Pide Karina&#8230;<\/p>\n","protected":false},"author":1,"featured_media":7187,"comment_status":"closed","ping_status":"closed","sticky":false,"template":"","format":"standard","meta":{"footnotes":""},"categories":[42],"tags":[],"class_list":["post-7186","post","type-post","status-publish","format-standard","has-post-thumbnail","hentry","category-legislatura-mexiquense-nueva-etapa"],"_links":{"self":[{"href":"https:\/\/www.notiflashmexiquense.com.mx\/index.php?rest_route=\/wp\/v2\/posts\/7186","targetHints":{"allow":["GET"]}}],"collection":[{"href":"https:\/\/www.notiflashmexiquense.com.mx\/index.php?rest_route=\/wp\/v2\/posts"}],"about":[{"href":"https:\/\/www.notiflashmexiquense.com.mx\/index.php?rest_route=\/wp\/v2\/types\/post"}],"author":[{"embeddable":true,"href":"https:\/\/www.notiflashmexiquense.com.mx\/index.php?rest_route=\/wp\/v2\/users\/1"}],"replies":[{"embeddable":true,"href":"https:\/\/www.notiflashmexiquense.com.mx\/index.php?rest_route=%2Fwp%2Fv2%2Fcomments&post=7186"}],"version-history":[{"count":1,"href":"https:\/\/www.notiflashmexiquense.com.mx\/index.php?rest_route=\/wp\/v2\/posts\/7186\/revisions"}],"predecessor-version":[{"id":7188,"href":"https:\/\/www.notiflashmexiquense.com.mx\/index.php?rest_route=\/wp\/v2\/posts\/7186\/revisions\/7188"}],"wp:featuredmedia":[{"embeddable":true,"href":"https:\/\/www.notiflashmexiquense.com.mx\/index.php?rest_route=\/wp\/v2\/media\/7187"}],"wp:attachment":[{"href":"https:\/\/www.notiflashmexiquense.com.mx\/index.php?rest_route=%2Fwp%2Fv2%2Fmedia&parent=7186"}],"wp:term":[{"taxonomy":"category","embeddable":true,"href":"https:\/\/www.notiflashmexiquense.com.mx\/index.php?rest_route=%2Fwp%2Fv2%2Fcategories&post=7186"},{"taxonomy":"post_tag","embeddable":true,"href":"https:\/\/www.notiflashmexiquense.com.mx\/index.php?rest_route=%2Fwp%2Fv2%2Ftags&post=7186"}],"curies":[{"name":"wp","href":"https:\/\/api.w.org\/{rel}","templated":true}]}}