{"id":7183,"date":"2022-06-23T17:20:22","date_gmt":"2022-06-23T17:20:22","guid":{"rendered":"https:\/\/www.notiflashmexiquense.com.mx\/?p=7183"},"modified":"2022-06-23T17:20:23","modified_gmt":"2022-06-23T17:20:23","slug":"inauguran-mas-obras-por-el-49-aniversario-de-cuautitlan-izcalli","status":"publish","type":"post","link":"https:\/\/www.notiflashmexiquense.com.mx\/?p=7183","title":{"rendered":"INAUGURAN M\u00c1S OBRAS POR EL 49 ANIVERSARIO DE CUAUTITL\u00c1N IZCALLI"},"content":{"rendered":"\n<p><br>\u00a0<br>En el marco del 49 aniversario de Cuautitl\u00e1n Izcalli, el Gobierno Municipal que encabeza Karla Leticia Fiesco Garc\u00eda a trav\u00e9s de la direcci\u00f3n de Obras P\u00fablicas, inaugur\u00f3 la repavimentaci\u00f3n de la Calle S\u00e9ptimo Sol de la Secci\u00f3n Parques.<br>\u00a0<br>Cabe destacar que se realiz\u00f3 la rehabilitaci\u00f3n de la calle Septimo Sol de entre las calles Templo M\u00e1s Alto hasta Avenida 1ro de Mayo, ten\u00eda previsto un trabajo de 3 mil 600 m2,<br>pero el presupuesto permiti\u00f3 una ampliaci\u00f3n a 4 mil 166 m2.<\/p>\n\n\n\n<p>La alcaldesa destac\u00f3 que con esta obra se beneficiar\u00e1 de manera directa a m\u00e1s de 4 mil quinientos izcallenses de la zona y se\u00f1al\u00f3 que se le dar\u00e1 un mantenimiento cada a\u00f1o a la calle para que se conserve en un estado \u00f3ptimo.<br>&nbsp;<br>A la inauguraci\u00f3n tambi\u00e9n asistieron, el primer s\u00edndico, Arturo Javier Del Moral Castro; el segundo regidor, Francisco Cahue Calderon; tercera regidora, Stephany Moreno Rojas; el cuarto regidor, Dar\u00edo Arregu\u00edn G\u00f3mez; la quinta regidora, Silvia Yaremi Nava Gonz\u00e1lez; el sexto regidor, Jos\u00e9 Antonio Luna Flores; la s\u00e9ptima regidora, Yareni Marcela Trejo Antonio; el d\u00e9cimo segundo regidor, Fernando Garc\u00eda Cruz, la contralora municipal, Leticia Santana Moronatti; as\u00ed como las autoridades auxiliares de Secci\u00f3n Parques.<br>&#8211;0&#8211;<\/p>\n","protected":false},"excerpt":{"rendered":"<p>&nbsp;En el marco del 49 aniversario de Cuautitl&aacute;n Izcalli, el Gobierno Municipal que encabeza Karla&#8230;<\/p>\n","protected":false},"author":1,"featured_media":7184,"comment_status":"closed","ping_status":"closed","sticky":false,"template":"","format":"standard","meta":{"footnotes":""},"categories":[1],"tags":[],"class_list":["post-7183","post","type-post","status-publish","format-standard","has-post-thumbnail","hentry","category-noticias"],"_links":{"self":[{"href":"https:\/\/www.notiflashmexiquense.com.mx\/index.php?rest_route=\/wp\/v2\/posts\/7183","targetHints":{"allow":["GET"]}}],"collection":[{"href":"https:\/\/www.notiflashmexiquense.com.mx\/index.php?rest_route=\/wp\/v2\/posts"}],"about":[{"href":"https:\/\/www.notiflashmexiquense.com.mx\/index.php?rest_route=\/wp\/v2\/types\/post"}],"author":[{"embeddable":true,"href":"https:\/\/www.notiflashmexiquense.com.mx\/index.php?rest_route=\/wp\/v2\/users\/1"}],"replies":[{"embeddable":true,"href":"https:\/\/www.notiflashmexiquense.com.mx\/index.php?rest_route=%2Fwp%2Fv2%2Fcomments&post=7183"}],"version-history":[{"count":1,"href":"https:\/\/www.notiflashmexiquense.com.mx\/index.php?rest_route=\/wp\/v2\/posts\/7183\/revisions"}],"predecessor-version":[{"id":7185,"href":"https:\/\/www.notiflashmexiquense.com.mx\/index.php?rest_route=\/wp\/v2\/posts\/7183\/revisions\/7185"}],"wp:featuredmedia":[{"embeddable":true,"href":"https:\/\/www.notiflashmexiquense.com.mx\/index.php?rest_route=\/wp\/v2\/media\/7184"}],"wp:attachment":[{"href":"https:\/\/www.notiflashmexiquense.com.mx\/index.php?rest_route=%2Fwp%2Fv2%2Fmedia&parent=7183"}],"wp:term":[{"taxonomy":"category","embeddable":true,"href":"https:\/\/www.notiflashmexiquense.com.mx\/index.php?rest_route=%2Fwp%2Fv2%2Fcategories&post=7183"},{"taxonomy":"post_tag","embeddable":true,"href":"https:\/\/www.notiflashmexiquense.com.mx\/index.php?rest_route=%2Fwp%2Fv2%2Ftags&post=7183"}],"curies":[{"name":"wp","href":"https:\/\/api.w.org\/{rel}","templated":true}]}}