{"id":7180,"date":"2022-06-23T17:14:49","date_gmt":"2022-06-23T17:14:49","guid":{"rendered":"https:\/\/www.notiflashmexiquense.com.mx\/?p=7180"},"modified":"2022-06-23T17:14:51","modified_gmt":"2022-06-23T17:14:51","slug":"fracasan-politicas-publicas-para-proteger-a-ninas-y-mujeres-diputados-morena","status":"publish","type":"post","link":"https:\/\/www.notiflashmexiquense.com.mx\/?p=7180","title":{"rendered":"Fracasan pol\u00edticas p\u00fablicas para proteger a ni\u00f1as y mujeres: diputados Morena"},"content":{"rendered":"\n<p>\uf0fc Respaldan que se eleve a rango constitucional derecho de mujeres a una vida libre de violencia<\/p>\n\n\n\n<p>\uf0fc Fiscal\u00eda estatal registra procesos ineficaces, omisos y corruptos<\/p>\n\n\n\n<p>Toluca, M\u00e9x., 23 de junio de 2022.- Las y los diputados del Grupo Parlamentario de Morena se\u00f1alaron en reuni\u00f3n de comisiones que las pol\u00edcas p\u00fablicas para proteger a ni\u00f1as y mujeres de al violencia han fracasado en el Estado de M\u00e9xico por ello se pronunciaron a favor de elevar a rango constitucional, como derecho a humano, que las mujeres mexiquenses vivan una vida libre de violencia.<\/p>\n\n\n\n<p>Durante la sesi\u00f3n de trabajo de comisiones unidas de Gobernaci\u00f3n y Puntos Constitucionales con Derechos Humanos y Para la Igualdad de G\u00e9nero, Beatriz Garc\u00eda, Carmen de la Rosa, Anais Burgos, Alicia Mercado y Faustino de la Cruz, no s\u00f3lo se sumaron a la propuesta planteada por Paola Jim\u00e9nez que busca reformar el Art\u00edculo V de la Constituci\u00f3n del Estado de M\u00e9xico, para que no s\u00f3lo establezca obligaciones al gobierno central, sino tambi\u00e9n a todas las instituciones p\u00fablicas como los gobiernos municipales, y propusieron que se sume a todos los entes p\u00fablicos.<\/p>\n\n\n\n<p>Las y los diputados de Morena coincidieron en se\u00f1alar que al establecer en la Constituci\u00f3n estatal, como derecho humano, una vida libre de violencia, se estar\u00eda obligando a todas las dependencias p\u00fablicas estatales emprender acciones concretas y espec\u00edficas para erradicar la violencia contra dicho sector de la poblaci\u00f3n.<\/p>\n\n\n\n<p>\u201cEs importante armonizar las leyes para garantizar este derecho, observando en todo momento los principios fundamentales como es la igualdad jur\u00eddica, el respeto a la dignidad humana, la no discriminaci\u00f3n, la libertad y el desarrollo integral de las mujeres\u201d, expres\u00f3 Carmen de la Rosa, diputada por el municipio de Nezahualc\u00f3yotl.<\/p>\n\n\n\n<p>Apunt\u00f3 que todo tipo de violencia contra la mujer es una grave violaci\u00f3n a sus derechos humanos con consecuencia f\u00edsica, sexual, psicol\u00f3gica, entre otras, as\u00ed como una repercusi\u00f3n negativa a su familia y comunidad en general donde todas y todos coexistimos.<\/p>\n\n\n\n<p>En tanto Ana\u00eds Burgos, legisladora de la 4T que representa a Chalco, plante\u00f3 que la titular de la Procuradur\u00eda de Protecci\u00f3n de Ni\u00f1as, Ni\u00f1os y Adolescentes del Estado de M\u00e9xico acuda al Congreso para que aporte su conocimiento sobre las mujeres que est\u00e1n en dichos rangos de edad, pues ello permitir\u00e1 enriquecer la propuesta y ampliar\u00e1 la visi\u00f3n de los legisladores que se han planteado actualizar el marco legal para erradicar la violencia contra las mujeres.<\/p>\n\n\n\n<p>\u201cTodos sabemos que hay un fracaso en el dise\u00f1o de las pol\u00edticas p\u00fablicas para proteger a las ni\u00f1as y a las mujeres\u201d, dijo Anais Burgos al citar un estudio de World Visi\u00f3n M\u00e9xico que demuestra como la violencia contra las mujeres ha ido al alza en la entidad mexiquense.<\/p>\n\n\n\n<p>En su intervenci\u00f3n Faustino de la Cruz, consider\u00f3 que en tanto el gobernador Alfredo Del Mazo no lleve a la pr\u00e1ctica una verdadera pol\u00edtica p\u00fablica encaminada a atacar frontalmente la violencia contra la mujer y siga empleando viejas pr\u00e1cticas con fines pol\u00edticos como la tarjeta \u201cSalario Rosa\u201d, no se podr\u00e1 avanzar de manera contundente en la erradicaci\u00f3n de la violencia contra la mujer, y lament\u00f3 que la Fiscal\u00eda a\u00fan haya omisi\u00f3n en los procesos para combatirla.<\/p>\n\n\n\n<p>Yndira Sandoval, consultora especializada en g\u00e9nero consider\u00f3 que se requieren pol\u00edticas p\u00fablicas integrales, con presupuestos bastos, que no coloquen en segundo lugar las vidas de unas sobre de otros, sino que justo con rango constitucional se garantice el derecho a la vida, pero una vida digna libre de violencia.<\/p>\n\n\n\n<p>Beatriz Garc\u00eda Villegas, diputada por Amecameca, propuso a\u00f1adir unas l\u00edneas a la iniciativa original para que todos los entes del gobierno estatal, incluidos los municipales, est\u00e9n obligados a realizar acciones puntuales que garanticen el respeto a los conceptos de dicho apartado del Art\u00edculo V de la Constituci\u00f3n estatal.<\/p>\n\n\n\n<p>Al tomar la palabra Alicia Mercado, record\u00f3 que pese a las acciones y esfuerzos realizados por el Poder Legislativo y otras \u00e1reas gubernamentales para combatir la violencia que los \u201cmachos\u201d ejercen contra las mujeres, \u00e9sta no ha sido borrada, por lo que el objetivo esperado, frenar y erradicar la violencia, no ha sido alcanzado.<\/p>\n\n\n\n<p>Al concluir la sesi\u00f3n de trabajo las y los diputados de las referidas comisiones acordaron seguir analizando el tema para que a la brevedad sea planteado a la Junta de Coordinaci\u00f3n Pol\u00edtica, m\u00e1ximo \u00f3rgano de decisi\u00f3n en el Congreso local.<\/p>\n","protected":false},"excerpt":{"rendered":"<p>&#61692; Respaldan que se eleve a rango constitucional derecho de mujeres a una vida libre&#8230;<\/p>\n","protected":false},"author":1,"featured_media":7181,"comment_status":"closed","ping_status":"closed","sticky":false,"template":"","format":"standard","meta":{"footnotes":""},"categories":[42],"tags":[],"class_list":["post-7180","post","type-post","status-publish","format-standard","has-post-thumbnail","hentry","category-legislatura-mexiquense-nueva-etapa"],"_links":{"self":[{"href":"https:\/\/www.notiflashmexiquense.com.mx\/index.php?rest_route=\/wp\/v2\/posts\/7180","targetHints":{"allow":["GET"]}}],"collection":[{"href":"https:\/\/www.notiflashmexiquense.com.mx\/index.php?rest_route=\/wp\/v2\/posts"}],"about":[{"href":"https:\/\/www.notiflashmexiquense.com.mx\/index.php?rest_route=\/wp\/v2\/types\/post"}],"author":[{"embeddable":true,"href":"https:\/\/www.notiflashmexiquense.com.mx\/index.php?rest_route=\/wp\/v2\/users\/1"}],"replies":[{"embeddable":true,"href":"https:\/\/www.notiflashmexiquense.com.mx\/index.php?rest_route=%2Fwp%2Fv2%2Fcomments&post=7180"}],"version-history":[{"count":1,"href":"https:\/\/www.notiflashmexiquense.com.mx\/index.php?rest_route=\/wp\/v2\/posts\/7180\/revisions"}],"predecessor-version":[{"id":7182,"href":"https:\/\/www.notiflashmexiquense.com.mx\/index.php?rest_route=\/wp\/v2\/posts\/7180\/revisions\/7182"}],"wp:featuredmedia":[{"embeddable":true,"href":"https:\/\/www.notiflashmexiquense.com.mx\/index.php?rest_route=\/wp\/v2\/media\/7181"}],"wp:attachment":[{"href":"https:\/\/www.notiflashmexiquense.com.mx\/index.php?rest_route=%2Fwp%2Fv2%2Fmedia&parent=7180"}],"wp:term":[{"taxonomy":"category","embeddable":true,"href":"https:\/\/www.notiflashmexiquense.com.mx\/index.php?rest_route=%2Fwp%2Fv2%2Fcategories&post=7180"},{"taxonomy":"post_tag","embeddable":true,"href":"https:\/\/www.notiflashmexiquense.com.mx\/index.php?rest_route=%2Fwp%2Fv2%2Ftags&post=7180"}],"curies":[{"name":"wp","href":"https:\/\/api.w.org\/{rel}","templated":true}]}}