{"id":7164,"date":"2022-06-23T02:34:16","date_gmt":"2022-06-23T02:34:16","guid":{"rendered":"https:\/\/www.notiflashmexiquense.com.mx\/?p=7164"},"modified":"2022-06-23T02:39:37","modified_gmt":"2022-06-23T02:39:37","slug":"analizan-reformar-integralmente-al-reglamento-de-la-direccion-de-comunicacion-social-e-imagen-institucional-del-poder-legislativo","status":"publish","type":"post","link":"https:\/\/www.notiflashmexiquense.com.mx\/?p=7164","title":{"rendered":"Analizan reformar integralmente al Reglamento de la Direcci\u00f3n de Comunicaci\u00f3n Social e Imagen Institucional del Poder Legislativo"},"content":{"rendered":"\n<p>\uf0fc Se propone dotar al \u00e1rea de Comunicaci\u00f3n Social con funciones y atribuciones que permitan consolidar la relaci\u00f3n de la instituci\u00f3n con la sociedad<\/p>\n\n\n\n<p>\uf0fc El GP de Morena considera que la comunicaci\u00f3n institucional tiene como objeto establecer relaciones de calidad entre la instituci\u00f3n y el p\u00fablico<\/p>\n\n\n\n<p>Toluca, M\u00e9x, 22 de junio de 2022.- Al analizar en Comisiones Unidas la iniciativa para reformar integralmente el Reglamento de la Direcci\u00f3n de Comunicaci\u00f3n Social e Imagen Institucional del Poder Legislativo del Estado de M\u00e9xico, la diputada proponente Anais Burgos Hern\u00e1ndez se\u00f1al\u00f3 que en el Congreso en materia de comunicaci\u00f3n se han llevado loables avances; sin embargo, \u00abtales esfuerzos no terminan de potenciar su eficacia\u00bb.<\/p>\n\n\n\n<p>Por ello, la legisladora de Morena, estableci\u00f3 que el proyecto de Comunicaci\u00f3n Legislativa debe de ser dise\u00f1ado, constituido y afianzado de tal manera que permita al Poder Legislativo consolidar los par\u00e1metros que posibiliten transparentar la informaci\u00f3n de su funcionamiento interno y tomar en cuenta la demanda ciudadana como punto de partida y de llegada de todo trabajo legislativo.<\/p>\n\n\n\n<p>Manifest\u00f3 que en el Grupo Parlamentario de Morena consideran que la comunicaci\u00f3n institucional tiene como objeto establecer relaciones de calidad entre la instituci\u00f3n y los p\u00fablicos con quienes se relaciona.<\/p>\n\n\n\n<p>As\u00ed, la propuesta plantea reformar integralmente el Reglamento de la Direcci\u00f3n de Comunicaci\u00f3n Social e Imagen Institucional del Poder Legislativo del Estado de M\u00e9xico, con el objeto de dotar al \u00e1rea encargada de esta materia con funciones y atribuciones que verdaderamente permitan consolidar la relaci\u00f3n de la instituci\u00f3n legislativa con la sociedad mexiquense, a fin de que la sociedad observe, evalu\u00e9 y conozca el trabajo que realizan los legisladores del estado de M\u00e9xico, dijo.<\/p>\n\n\n\n<p>Y a\u00f1adi\u00f3 que se propone una nueva redacci\u00f3n de art\u00edculos respetando la esencia de la naturaleza jur\u00eddica del Reglamento en cuesti\u00f3n tratando de hacer m\u00e1s somero dicho documento sin perder la objetividad que rige su implementaci\u00f3n al interior del poder legislativo.<\/p>\n\n\n\n<p>A la vez que detall\u00f3, que esta propuesta es el resultado del trabajo de la Legislatura anterior y de la Coordinaci\u00f3n de Comunicaci\u00f3n Social.<\/p>\n\n\n\n<p>Tras esto, integrantes de las Comisiones Unidas de Gobernaci\u00f3n y Puntos Constitucionales y del Comit\u00e9 Permanente de Comunicaci\u00f3n Social participaron para robustecer m\u00e1s la propuesta de reforma y se acord\u00f3 realizar una pr\u00f3xima reuni\u00f3n para seguir analizando dicha iniciativa.<\/p>\n","protected":false},"excerpt":{"rendered":"<p>&#61692; Se propone dotar al &aacute;rea de Comunicaci&oacute;n Social con funciones y atribuciones que permitan&#8230;<\/p>\n","protected":false},"author":1,"featured_media":7167,"comment_status":"closed","ping_status":"closed","sticky":false,"template":"","format":"standard","meta":{"footnotes":""},"categories":[42],"tags":[],"class_list":["post-7164","post","type-post","status-publish","format-standard","has-post-thumbnail","hentry","category-legislatura-mexiquense-nueva-etapa"],"_links":{"self":[{"href":"https:\/\/www.notiflashmexiquense.com.mx\/index.php?rest_route=\/wp\/v2\/posts\/7164","targetHints":{"allow":["GET"]}}],"collection":[{"href":"https:\/\/www.notiflashmexiquense.com.mx\/index.php?rest_route=\/wp\/v2\/posts"}],"about":[{"href":"https:\/\/www.notiflashmexiquense.com.mx\/index.php?rest_route=\/wp\/v2\/types\/post"}],"author":[{"embeddable":true,"href":"https:\/\/www.notiflashmexiquense.com.mx\/index.php?rest_route=\/wp\/v2\/users\/1"}],"replies":[{"embeddable":true,"href":"https:\/\/www.notiflashmexiquense.com.mx\/index.php?rest_route=%2Fwp%2Fv2%2Fcomments&post=7164"}],"version-history":[{"count":1,"href":"https:\/\/www.notiflashmexiquense.com.mx\/index.php?rest_route=\/wp\/v2\/posts\/7164\/revisions"}],"predecessor-version":[{"id":7166,"href":"https:\/\/www.notiflashmexiquense.com.mx\/index.php?rest_route=\/wp\/v2\/posts\/7164\/revisions\/7166"}],"wp:featuredmedia":[{"embeddable":true,"href":"https:\/\/www.notiflashmexiquense.com.mx\/index.php?rest_route=\/wp\/v2\/media\/7167"}],"wp:attachment":[{"href":"https:\/\/www.notiflashmexiquense.com.mx\/index.php?rest_route=%2Fwp%2Fv2%2Fmedia&parent=7164"}],"wp:term":[{"taxonomy":"category","embeddable":true,"href":"https:\/\/www.notiflashmexiquense.com.mx\/index.php?rest_route=%2Fwp%2Fv2%2Fcategories&post=7164"},{"taxonomy":"post_tag","embeddable":true,"href":"https:\/\/www.notiflashmexiquense.com.mx\/index.php?rest_route=%2Fwp%2Fv2%2Ftags&post=7164"}],"curies":[{"name":"wp","href":"https:\/\/api.w.org\/{rel}","templated":true}]}}