{"id":7161,"date":"2022-06-23T02:20:26","date_gmt":"2022-06-23T02:20:26","guid":{"rendered":"https:\/\/www.notiflashmexiquense.com.mx\/?p=7161"},"modified":"2022-06-23T02:43:03","modified_gmt":"2022-06-23T02:43:03","slug":"diputados-de-morena-consideran-pertinente-exhortar-para-que-se-restituya-el-fondo-metropolitano","status":"publish","type":"post","link":"https:\/\/www.notiflashmexiquense.com.mx\/?p=7161","title":{"rendered":"Diputados de Morena consideran pertinente exhortar para que se restituya el Fondo Metropolitano"},"content":{"rendered":"\n<p>\uf0fc \uf0fc En el a\u00f1o 2020 se elimin\u00f3 el Fondo Metropolitano del presupuesto de Egresos de la Federaci\u00f3n por parte del Honorable C\u00e1mara de Diputados<\/p>\n\n\n\n<p>\uf0fc \uf0fc En reuni\u00f3n de trabajo de Comisiones Unidad los legisladores de la 4T llamaron a que si se restituye el Fondo las reglas de operaci\u00f3n sean claras y transparentes<\/p>\n\n\n\n<p>Toluca, M\u00e9x, 22 de junio del 2022.- Legisladores del Grupo Parlamentario de Morena coincidieron en que es pertinente exhortar a la C\u00e1mara de Diputados del Honorable Congreso de la Uni\u00f3n a efecto de que restituya el Fondo Metropolitano, para el pr\u00f3ximo ejercicio fiscal 2023, en el marco de la reuni\u00f3n de trabajo de las Comisiones Unidas de Planeaci\u00f3n y Gasto P\u00fablico, Finanzas P\u00fablicas y Asuntos Metropolitanos, que presidi\u00f3 el representante del pueblo, Max Correa Hern\u00e1ndez.<\/p>\n\n\n\n<p>Al realizar el an\u00e1lisis del Punto de Acuerdo por el que se exhorta respetuosamente a la C\u00e1mara de Diputados del Honorable Congreso de la Uni\u00f3n a efecto de que restituya el Fondo Metropolitano, para el pr\u00f3ximo ejercicio fiscal 2023 , asimismo para que actualice y mejore el mecanismo de asignaci\u00f3n del Fondo Metropolitano con el objetivo de precisar las disposiciones de car\u00e1cter general para la aplicaci\u00f3n y erogaci\u00f3n de los recursos que se entregaran a trav\u00e9s del fondo Metropolitano, as\u00ed como para el seguimiento, control, rendici\u00f3n de cuentas y transparencia de los recursos para las Zonas Metropolitanas, presentado por el Grupo Parlamentario del PRI, los diputados morenistas consideraron adecuada la propuesta.<\/p>\n\n\n\n<p>Es importante recordar que en el a\u00f1o 2020 se elimin\u00f3 el Fondo Metropolitano del presupuesto de Egresos de la Federaci\u00f3n por parte del Honorable C\u00e1mara de Diputados, lo que gener\u00f3 la desaparici\u00f3n de 109 fideicomisos, cuyos recursos se redirigieron al Programa de Mejoramiento Urbano y Rescate de Espacios P\u00fablicos, as\u00ed como para la estabilizaci\u00f3n del balance fiscal bajo el argumento de un supuesto mal uso del fondo y de sus recursos a nivel nacional.<\/p>\n\n\n\n<p>Al respecto, la diputada Carmen de la Rosa indic\u00f3 que al menos el 57% de la poblaci\u00f3n del pa\u00eds se encuentra asentada en grandes conglomerados urban\u00edsticos a los que se conoce como metr\u00f3polis y a\u00f1adi\u00f3 que en el a\u00f1o 2004 el Consejo Nacional de Poblaci\u00f3n, el Instituto Nacional de Estad\u00edstica Geograf\u00eda e Inform\u00e1tica y la Secretar\u00eda de Desarrollo Social acordaron definir las \u00e1reas metropolitanas y se determinaron m\u00e1s de 50 en el pa\u00eds, siendo la m\u00e1s importante por su dimensi\u00f3n y poblaci\u00f3n la Zona Metropolitana del Valle de M\u00e9xico, conformada por 16 delegaciones de la Ciudad de M\u00e9xico, 59 municipios del Estado de M\u00e9xico y 1 municipio de Hidalgo.<\/p>\n\n\n\n<p>Detall\u00f3 que actualmente no hay un mecanismo para resolver problemas metropolitanos, por lo que el Fondo Metropolitano podr\u00eda ser una herramienta necesaria para la coordinaci\u00f3n de tres \u00f3rdenes de gobierno. Aunque de volverse aplicar las reglas de operaci\u00f3n deben de ser claras.<\/p>\n\n\n\n<p>Por su parte, la diputada M\u00f3nica \u00c1lvarez Nemer tambi\u00e9n puntualiz\u00f3 que se debe de establecer un mecanismo que permita a las entidades federativas tener una interacci\u00f3n m\u00e1s cercana con la Secretaria de Hacienda y Cr\u00e9dito P\u00fablico para la atenci\u00f3n de las observaciones emitidas por la misma secretaria a los proyectos de infraestructura se realicen en un menor plazo. Y los programas sean aprobados, los recursos sean entregados oportunamente y se cumpla con los objetivos.<\/p>\n\n\n\n<p>Y recomend\u00f3 formalizar, mediante convenios de coordinaci\u00f3n, la asignaci\u00f3n de los recursos, as\u00ed como los calendarios de ejecuci\u00f3n de los mismos recursos de conformidad con lo dispuesto en los lineamientos y reglas de operaci\u00f3n vigentes, con el objetivo de transparentar el correcto ejercicio de los recursos p\u00fablicos federales.<\/p>\n\n\n\n<p>A su vez, el legislador Max Correa enfatiz\u00f3 que a pesar de la desaparici\u00f3n de este Fondo conocido como FonMetro muchas de las obras en beneficio en Zonas Metropolitanas del pa\u00eds no se han detenido y existen proyectos ambiciones con la participaci\u00f3n de recursos federales, tanto de car\u00e1cter h\u00eddrico como de movilidad, como el tren en la ciudad de Guadalajara entre otros que el presidente AMLO sigue instrumentando en coordinaci\u00f3n de los estados y los municipios.<\/p>\n\n\n\n<p>No obstante, consider\u00f3 que es un exhorto pertinente que reclama una participaci\u00f3n y una visi\u00f3n de Parlamento Metropolitano, por lo que confi\u00f3 que pronto se pueda realizar un primer encuentro de esta naturaleza \u201ccon nuestros hom\u00f3logos de la CdMx y de Hidalgo para impulsar la agenda metropolitana\u201d.<\/p>\n\n\n\n<p>Por \u00faltimo, destac\u00f3 que ser\u00e1 muy valioso que se apruebe en la C\u00e1mara de Diputados Federal y en el Senado de la Rep\u00fablica la Ley de Coordinaci\u00f3n Metropolitana del Valle de M\u00e9xico \u201clo cual nos permitir\u00e1 en este marco legal establecer los mecanismos adecuados para que se d\u00e9 una correcta planeaci\u00f3n del desarrollo metropolitano\u201d.<\/p>\n","protected":false},"excerpt":{"rendered":"<p>&#61692; &#61692; En el a&ntilde;o 2020 se elimin&oacute; el Fondo Metropolitano del presupuesto de Egresos&#8230;<\/p>\n","protected":false},"author":1,"featured_media":7162,"comment_status":"closed","ping_status":"closed","sticky":false,"template":"","format":"standard","meta":{"footnotes":""},"categories":[42],"tags":[],"class_list":["post-7161","post","type-post","status-publish","format-standard","has-post-thumbnail","hentry","category-legislatura-mexiquense-nueva-etapa"],"_links":{"self":[{"href":"https:\/\/www.notiflashmexiquense.com.mx\/index.php?rest_route=\/wp\/v2\/posts\/7161","targetHints":{"allow":["GET"]}}],"collection":[{"href":"https:\/\/www.notiflashmexiquense.com.mx\/index.php?rest_route=\/wp\/v2\/posts"}],"about":[{"href":"https:\/\/www.notiflashmexiquense.com.mx\/index.php?rest_route=\/wp\/v2\/types\/post"}],"author":[{"embeddable":true,"href":"https:\/\/www.notiflashmexiquense.com.mx\/index.php?rest_route=\/wp\/v2\/users\/1"}],"replies":[{"embeddable":true,"href":"https:\/\/www.notiflashmexiquense.com.mx\/index.php?rest_route=%2Fwp%2Fv2%2Fcomments&post=7161"}],"version-history":[{"count":1,"href":"https:\/\/www.notiflashmexiquense.com.mx\/index.php?rest_route=\/wp\/v2\/posts\/7161\/revisions"}],"predecessor-version":[{"id":7163,"href":"https:\/\/www.notiflashmexiquense.com.mx\/index.php?rest_route=\/wp\/v2\/posts\/7161\/revisions\/7163"}],"wp:featuredmedia":[{"embeddable":true,"href":"https:\/\/www.notiflashmexiquense.com.mx\/index.php?rest_route=\/wp\/v2\/media\/7162"}],"wp:attachment":[{"href":"https:\/\/www.notiflashmexiquense.com.mx\/index.php?rest_route=%2Fwp%2Fv2%2Fmedia&parent=7161"}],"wp:term":[{"taxonomy":"category","embeddable":true,"href":"https:\/\/www.notiflashmexiquense.com.mx\/index.php?rest_route=%2Fwp%2Fv2%2Fcategories&post=7161"},{"taxonomy":"post_tag","embeddable":true,"href":"https:\/\/www.notiflashmexiquense.com.mx\/index.php?rest_route=%2Fwp%2Fv2%2Ftags&post=7161"}],"curies":[{"name":"wp","href":"https:\/\/api.w.org\/{rel}","templated":true}]}}