{"id":7158,"date":"2022-06-23T02:15:12","date_gmt":"2022-06-23T02:15:12","guid":{"rendered":"https:\/\/www.notiflashmexiquense.com.mx\/?p=7158"},"modified":"2022-06-23T02:15:13","modified_gmt":"2022-06-23T02:15:13","slug":"urge-regularizar-propiedades-ejidales-para-abatir-pobreza-patrimonial-max-correa","status":"publish","type":"post","link":"https:\/\/www.notiflashmexiquense.com.mx\/?p=7158","title":{"rendered":"Urge regularizar propiedades ejidales para abatir pobreza patrimonial: Max Correa"},"content":{"rendered":"\n<p>\uf0fc Propone diputado de Morena que convenio de colaboraci\u00f3n entre el RAN e IMEVIS que propuso el PRI debe sumarse el IFREM para otorgar certeza jur\u00eddica<\/p>\n\n\n\n<p>\uf0fc La bondad del convenio es que busca costos y tr\u00e1mites m\u00e1s accesibles e incluso exentar el pago a las familias, en su mayor\u00eda de escasos recursos<\/p>\n\n\n\n<p>Toluca, M\u00e9x., 22 de junio de 2022. Ante la urgencia de otorgar certeza jur\u00eddica a ejidatarios que est\u00e1n en proceso de regularizaci\u00f3n de la tenencia de la tierra para abatir la pobreza patrimonial, el diputado Max Agust\u00edn Correa, miembro de la Comisi\u00f3n de Desarrollo Agropecuario y Forestal propuso que para impulsar el convenio de colaboraci\u00f3n entre el Registro Agrario Nacional (RAN) y el Instituto Mexiquense de la Vivienda Social (IMEVIS), acci\u00f3n que busca costos y tr\u00e1mites m\u00e1s accesibles e incluso exentar el pago a las familias, en su mayor\u00eda de escasos recursos, tambi\u00e9n se debe involucrar al Instituto de la Funci\u00f3n Registral del Estado de M\u00e9xico (IFREM).<\/p>\n\n\n\n<p>Durante la sesi\u00f3n de trabajo de las comisiones unidas de Desarrollo Agropecuario y Forestal con Desarrollo Urbano, se analiz\u00f3 y discuti\u00f3 el punto de acuerdo presentado por la diputada del PRI, Karla Aguilar para la realizaci\u00f3n del mencionado convenio de colaboraci\u00f3n, el diputado de Morena asegur\u00f3 que ser\u00eda un gran avance ante la problem\u00e1tica que enfrenta la entidad, porque hay m\u00e1s de 10 mil procesos de este tipo que est\u00e1n por inscribirse ante el IFREM y no se han hecho, a veces por la falta de pago o porque no est\u00e1n instrumentados estos convenios y ser\u00eda una gran posibilidad de abatir indicadores en el contexto de la pobreza patrimonial.<\/p>\n\n\n\n<p>Al exponer sus propuestas aclar\u00f3 que la regularizaci\u00f3n de predios inicia bajo la voluntad de la asamblea de un ejido o comunidad, y el IMEVIS podr\u00eda promover entre los asentamientos humanos, la posibilidad de regularizaci\u00f3n que realiza el sector agrario, bajo la voluntad de los n\u00facleos agrarios.<\/p>\n\n\n\n<p>El tambi\u00e9n presidente de la Comisi\u00f3n de Asuntos Metropolitanos, reconoci\u00f3 que lo m\u00e1s atractivo del convenio es disminuir los costos, que asume el IMEVIS y\/o exentar el cobro, conforme lo considera el C\u00f3digo Financiero y plante\u00f3 a la proponente valorar que es un proceso que se detonar\u00eda, con la participaci\u00f3n federal y del estado de M\u00e9xico, que en su exhorto se pudiera incluir al IFREM, porque el instituto puede exonerar el costo del registro, siempre y cuando participe del convenio desde el principio, de acuerdo al C\u00f3digo Financiero.<\/p>\n\n\n\n<p>El diputado de Tlalnepantla, ejemplific\u00f3 que en este municipio ya se tienen 2 mil 400 t\u00edtulos en el IFREM, tiene que registrarlos y como est\u00e1 en el C\u00f3digo Financiero tendr\u00eda que cobrarles m\u00e1s de 2 mil pesos a cada uno, pero si el IFREM hubiese participado desde un principio en un convenio, se podr\u00eda exentar el cobro del registro y hubiera sido un beneficio a las familias, que se ubican en estos asentamientos que son de muy bajos recursos.<\/p>\n\n\n\n<p>Max Agust\u00edn Correa en su intervenci\u00f3n valor\u00f3 que es importante citar al director del IMEVIS, al representante del RAN y al director del IFREM, a fin de revisar los procesos que se siguen para la atenci\u00f3n de todos los asentamientos que se dan en ejidos y comunidades y que, por el crecimiento urbano, pr\u00e1cticamente tenemos asentamientos irregulares.<\/p>\n\n\n\n<p>Y reiter\u00f3, que en Tlalnepantla, la administraci\u00f3n pasada promovi\u00f3 un programa de regularizaci\u00f3n de la tenencia de la tierra, concretamente en el ejido de San Juan Ixhuatepec y la experiencia es que los tr\u00e1mites, desde el Registro Agrario Nacional fueron sin ning\u00fan costo para los beneficiarios e implic\u00f3 una erogaci\u00f3n para realizar los trabajos t\u00e9cnicos de topograf\u00eda de los solares, y hoy uno de los aspectos ya culminado el tr\u00e1mite de los t\u00edtulos de propiedad de los solares urbanos de este lugar, uno de los problemas que se est\u00e1n enfrentando es el cobro en el IFREM.<\/p>\n\n\n\n<p>Por ello, explic\u00f3, se tendr\u00eda que convocar tambi\u00e9n al director IFREM, para ver la viabilidad como en otras entidades y explorar la posibilidad de que como se ha aprobado en la Legislatura en el C\u00f3digo Financiero, cuando hay programas de regularizaci\u00f3n del gobierno municipal, estatal, o federal, y participan en dichos convenios el Instituto de la Funci\u00f3n Registral, pueden los beneficiarios, trat\u00e1ndose de vivienda popular o regularizaci\u00f3n sobre propiedad social, puede, si hay un convenio de por medio evitar el pago de la inscripci\u00f3n, lo que ser\u00eda de enorme beneficio.<\/p>\n\n\n\n<p>Tambi\u00e9n, el diputado de Morena, dijo que particip\u00f3 en una reuni\u00f3n con el director del IMEVIS y del Registro Agrario Nacional, donde han convenido los mecanismos y t\u00e9rminos, para firmar un documento como el que propone la diputada Karla Aguilar y corrobor\u00f3 la disposici\u00f3n del director en jefe del RAN, quien expuso que no se plasmara en el convenio el cobro a los beneficiarios, porque no cobra los servicios por el procedimiento que realizan a los n\u00facleos agrarios en estos casos.<\/p>\n\n\n\n<p>La proponente agradeci\u00f3 las propuestas del morenista y asegur\u00f3 que en los 125 municipios del Estado de M\u00e9xico 121 tienen n\u00facleos agrarios, suman m\u00e1s de mil 935, 11vo lugar a nivel nacional.<\/p>\n","protected":false},"excerpt":{"rendered":"<p>&#61692; Propone diputado de Morena que convenio de colaboraci&oacute;n entre el RAN e IMEVIS que&#8230;<\/p>\n","protected":false},"author":1,"featured_media":7159,"comment_status":"closed","ping_status":"closed","sticky":false,"template":"","format":"standard","meta":{"footnotes":""},"categories":[42],"tags":[],"class_list":["post-7158","post","type-post","status-publish","format-standard","has-post-thumbnail","hentry","category-legislatura-mexiquense-nueva-etapa"],"_links":{"self":[{"href":"https:\/\/www.notiflashmexiquense.com.mx\/index.php?rest_route=\/wp\/v2\/posts\/7158","targetHints":{"allow":["GET"]}}],"collection":[{"href":"https:\/\/www.notiflashmexiquense.com.mx\/index.php?rest_route=\/wp\/v2\/posts"}],"about":[{"href":"https:\/\/www.notiflashmexiquense.com.mx\/index.php?rest_route=\/wp\/v2\/types\/post"}],"author":[{"embeddable":true,"href":"https:\/\/www.notiflashmexiquense.com.mx\/index.php?rest_route=\/wp\/v2\/users\/1"}],"replies":[{"embeddable":true,"href":"https:\/\/www.notiflashmexiquense.com.mx\/index.php?rest_route=%2Fwp%2Fv2%2Fcomments&post=7158"}],"version-history":[{"count":1,"href":"https:\/\/www.notiflashmexiquense.com.mx\/index.php?rest_route=\/wp\/v2\/posts\/7158\/revisions"}],"predecessor-version":[{"id":7160,"href":"https:\/\/www.notiflashmexiquense.com.mx\/index.php?rest_route=\/wp\/v2\/posts\/7158\/revisions\/7160"}],"wp:featuredmedia":[{"embeddable":true,"href":"https:\/\/www.notiflashmexiquense.com.mx\/index.php?rest_route=\/wp\/v2\/media\/7159"}],"wp:attachment":[{"href":"https:\/\/www.notiflashmexiquense.com.mx\/index.php?rest_route=%2Fwp%2Fv2%2Fmedia&parent=7158"}],"wp:term":[{"taxonomy":"category","embeddable":true,"href":"https:\/\/www.notiflashmexiquense.com.mx\/index.php?rest_route=%2Fwp%2Fv2%2Fcategories&post=7158"},{"taxonomy":"post_tag","embeddable":true,"href":"https:\/\/www.notiflashmexiquense.com.mx\/index.php?rest_route=%2Fwp%2Fv2%2Ftags&post=7158"}],"curies":[{"name":"wp","href":"https:\/\/api.w.org\/{rel}","templated":true}]}}