{"id":7143,"date":"2022-06-21T23:36:15","date_gmt":"2022-06-21T23:36:15","guid":{"rendered":"https:\/\/www.notiflashmexiquense.com.mx\/?p=7143"},"modified":"2022-06-21T23:36:15","modified_gmt":"2022-06-21T23:36:15","slug":"en-accion-nacional-se-legisla-a-favor-de-las-mujeres","status":"publish","type":"post","link":"https:\/\/www.notiflashmexiquense.com.mx\/?p=7143","title":{"rendered":"EN ACCI\u00d3N NACIONAL SE LEGISLA A FAVOR DE LAS MUJERES"},"content":{"rendered":"\n<p>\u00fc&nbsp;&nbsp;<strong>Enrique Vargas un diputado que trabaja a favor&nbsp; del bienestar del sector femenino<\/strong><\/p>\n\n\n\n<p>\u00abDesde el congreso del Estado de M\u00e9xico legislamos en pol\u00edticas p\u00fablicas a favor de las mujeres y lo seguiremos haciendo para que tengan una mejor calidad de vida\u00bb, asegur\u00f3 el coordinador parlamentario de Acci\u00f3n Nacional en la LXI Legislatura mexiquense, Enrique Vargas del Villar, al reunirse con mujeres de la zona sur de la entidad.<\/p>\n\n\n\n<p>Con la asistencia de mujeres de Tonatico, Ixtapan de la Sal, Villa Guerrero y Coatepec Harinas, el legislador de Acci\u00f3n Nacional, record\u00f3 que su Partido s\u00ed sabe gobernar, muestra de ello son las representantes populares de los municipios citados, que todos los d\u00edas trabajan para los habitantes.<\/p>\n\n\n\n<p>El coordinador parlamentario del PAN en la legislatura mexiquense, record\u00f3, que al iniciar su vida en el sector p\u00fablico se propuso que desde cualquier lugar que estuviera, cambiar\u00eda vidas y hoy esa es una realidad con las iniciativas presentadas.<\/p>\n\n\n\n<p>\u00abEnrique Vargas del Villar se toma en serio las causas de las mujeres, es un gran amigo y aliado de nosotras\u00bb, asegur\u00f3 Laura Ram\u00edrez, presidenta del colectivo Empoderadas y Valientes del Estado de M\u00e9xico.<\/p>\n\n\n\n<p>Puntualiz\u00f3, que las mujeres de la entidad quieren m\u00e1s y mejores oportunidades de empleo, caminar con tranquilidad en las calles y que regrese la paz a todos los rincones.<\/p>\n","protected":false},"excerpt":{"rendered":"<p>&uuml;&nbsp;&nbsp;Enrique Vargas un diputado que trabaja a favor&nbsp; del bienestar del sector femenino &laquo;Desde el&#8230;<\/p>\n","protected":false},"author":1,"featured_media":7144,"comment_status":"closed","ping_status":"closed","sticky":false,"template":"","format":"standard","meta":{"footnotes":""},"categories":[1],"tags":[],"class_list":["post-7143","post","type-post","status-publish","format-standard","has-post-thumbnail","hentry","category-noticias"],"_links":{"self":[{"href":"https:\/\/www.notiflashmexiquense.com.mx\/index.php?rest_route=\/wp\/v2\/posts\/7143","targetHints":{"allow":["GET"]}}],"collection":[{"href":"https:\/\/www.notiflashmexiquense.com.mx\/index.php?rest_route=\/wp\/v2\/posts"}],"about":[{"href":"https:\/\/www.notiflashmexiquense.com.mx\/index.php?rest_route=\/wp\/v2\/types\/post"}],"author":[{"embeddable":true,"href":"https:\/\/www.notiflashmexiquense.com.mx\/index.php?rest_route=\/wp\/v2\/users\/1"}],"replies":[{"embeddable":true,"href":"https:\/\/www.notiflashmexiquense.com.mx\/index.php?rest_route=%2Fwp%2Fv2%2Fcomments&post=7143"}],"version-history":[{"count":1,"href":"https:\/\/www.notiflashmexiquense.com.mx\/index.php?rest_route=\/wp\/v2\/posts\/7143\/revisions"}],"predecessor-version":[{"id":7145,"href":"https:\/\/www.notiflashmexiquense.com.mx\/index.php?rest_route=\/wp\/v2\/posts\/7143\/revisions\/7145"}],"wp:featuredmedia":[{"embeddable":true,"href":"https:\/\/www.notiflashmexiquense.com.mx\/index.php?rest_route=\/wp\/v2\/media\/7144"}],"wp:attachment":[{"href":"https:\/\/www.notiflashmexiquense.com.mx\/index.php?rest_route=%2Fwp%2Fv2%2Fmedia&parent=7143"}],"wp:term":[{"taxonomy":"category","embeddable":true,"href":"https:\/\/www.notiflashmexiquense.com.mx\/index.php?rest_route=%2Fwp%2Fv2%2Fcategories&post=7143"},{"taxonomy":"post_tag","embeddable":true,"href":"https:\/\/www.notiflashmexiquense.com.mx\/index.php?rest_route=%2Fwp%2Fv2%2Ftags&post=7143"}],"curies":[{"name":"wp","href":"https:\/\/api.w.org\/{rel}","templated":true}]}}