{"id":7137,"date":"2022-06-21T23:16:25","date_gmt":"2022-06-21T23:16:25","guid":{"rendered":"https:\/\/www.notiflashmexiquense.com.mx\/?p=7137"},"modified":"2022-06-21T23:16:25","modified_gmt":"2022-06-21T23:16:25","slug":"alianza-pri-pan-prd-no-tiene-futuro-es-mejor-que-vayan-separados-maurilio-hernandez","status":"publish","type":"post","link":"https:\/\/www.notiflashmexiquense.com.mx\/?p=7137","title":{"rendered":"Alianza PRI-PAN-PRD no tiene futuro, es mejor que vayan separados: Maurilio Hern\u00e1ndez"},"content":{"rendered":"\n<p>\uf0fc El PRD en el Edomex significa el anarquismo y desorden<\/p>\n\n\n\n<p>\uf0fc El PAN representa el conservadurismo y lo m\u00e1s retrograda de la pol\u00edtica del pa\u00eds<\/p>\n\n\n\n<p>\uf0fc El PRI es la desesperaci\u00f3n y el sistema que ha gobernado por muchos a\u00f1os y que se est\u00e1 cayendo<\/p>\n\n\n\n<p>Tultitl\u00e1n, M\u00e9x., 21 de junio de 2022. El PRD en el Estado de M\u00e9xico no representa ni siquiera el 3 por ciento de la votaci\u00f3n, con la cual pudiera, si va solo, mantener su registro, pero no es factor que garantice triunfo a la alianza PRI-PAN-PRD, por ello los partidos en la pr\u00f3xima contienda electoral en 2023 deber\u00edan ir separados, consider\u00f3 el Coordinador del Grupo Parlamentario de Morena, Maurilio Hern\u00e1ndez Gonz\u00e1lez.<\/p>\n\n\n\n<p>El diputado destac\u00f3 que hay una actitud de la poblaci\u00f3n que se ha venido a agrupar en torno a Morena para combatir al sistema, y la lucha es contra ese sistema que representa el PRI, por ello est\u00e1 tan desesperado, \u201cvale la pena que lo piensen mejor, que cada quien vaya por su lado y de esa manera habr\u00e1 m\u00e1s claridad para la ciudadan\u00eda de los proyectos que les est\u00e1n presentando\u201d.<\/p>\n\n\n\n<p>Se\u00f1al\u00f3 que el PRD finalmente no tiene para donde voltear, en un grito desesperado primero quer\u00eda ir solo hacia el 2023 y ahora se abre a alguna alianza y reiter\u00f3 que a los tres partidos les convendr\u00eda ir solos para que as\u00ed puedan presentar abiertamente y con toda transparencia, cu\u00e1l es el proyecto que cada uno de los partidos le ofrece a la ciudadan\u00eda.<\/p>\n\n\n\n<p>\u201cUna alianza, es total y absolutamente inconcebible, puesto que, desde el punto de vista pol\u00edtico buscan generar, respaldos para lograr triunfos en ese pragmatismo que siempre les ha caracterizado, garantizar el triunfo electoral, para seguir sirviendo a los intereses que siempre han servido, que son los de una oligarqu\u00eda que se niega a aceptar que las cosas deben cambiar en este pa\u00eds, por eso est\u00e1n desesperados\u201d, asever\u00f3.<\/p>\n\n\n\n<p>El presidente de la Junta de Coordinaci\u00f3n Pol\u00edtica, apunt\u00f3, el PRI-PAN-PRD \u201cas\u00ed revueltos lo que provocan es una confusi\u00f3n, porque no puede haber una alianza, una coincidencia o afinidad, en partidos tan radicalmente opuestas\u201d.<\/p>\n\n\n\n<p>Y a\u00f1adi\u00f3, el PRD, representa el anarquismo, un desorden, que no saben ni lo que quieren ya, totalmente desdibujado. \u201cEl PAN, que representa el conservadurismo y lo m\u00e1s retrograda de la pol\u00edtica del pa\u00eds\u201d.<\/p>\n\n\n\n<p>El PRI, la desesperaci\u00f3n, puntualiz\u00f3 Maurilio Hern\u00e1ndez, representa el sistema que ha gobernado por muchos a\u00f1os y que se est\u00e1 cayendo, y que la ciudadan\u00eda reiteradamente ha se\u00f1alado y ha cuestionado sobre las deficiencias y carencias que imperan en la entidad.<\/p>\n","protected":false},"excerpt":{"rendered":"<p>&#61692; El PRD en el Edomex significa el anarquismo y desorden &#61692; El PAN representa&#8230;<\/p>\n","protected":false},"author":1,"featured_media":7138,"comment_status":"closed","ping_status":"closed","sticky":false,"template":"","format":"standard","meta":{"footnotes":""},"categories":[42],"tags":[],"class_list":["post-7137","post","type-post","status-publish","format-standard","has-post-thumbnail","hentry","category-legislatura-mexiquense-nueva-etapa"],"_links":{"self":[{"href":"https:\/\/www.notiflashmexiquense.com.mx\/index.php?rest_route=\/wp\/v2\/posts\/7137","targetHints":{"allow":["GET"]}}],"collection":[{"href":"https:\/\/www.notiflashmexiquense.com.mx\/index.php?rest_route=\/wp\/v2\/posts"}],"about":[{"href":"https:\/\/www.notiflashmexiquense.com.mx\/index.php?rest_route=\/wp\/v2\/types\/post"}],"author":[{"embeddable":true,"href":"https:\/\/www.notiflashmexiquense.com.mx\/index.php?rest_route=\/wp\/v2\/users\/1"}],"replies":[{"embeddable":true,"href":"https:\/\/www.notiflashmexiquense.com.mx\/index.php?rest_route=%2Fwp%2Fv2%2Fcomments&post=7137"}],"version-history":[{"count":1,"href":"https:\/\/www.notiflashmexiquense.com.mx\/index.php?rest_route=\/wp\/v2\/posts\/7137\/revisions"}],"predecessor-version":[{"id":7139,"href":"https:\/\/www.notiflashmexiquense.com.mx\/index.php?rest_route=\/wp\/v2\/posts\/7137\/revisions\/7139"}],"wp:featuredmedia":[{"embeddable":true,"href":"https:\/\/www.notiflashmexiquense.com.mx\/index.php?rest_route=\/wp\/v2\/media\/7138"}],"wp:attachment":[{"href":"https:\/\/www.notiflashmexiquense.com.mx\/index.php?rest_route=%2Fwp%2Fv2%2Fmedia&parent=7137"}],"wp:term":[{"taxonomy":"category","embeddable":true,"href":"https:\/\/www.notiflashmexiquense.com.mx\/index.php?rest_route=%2Fwp%2Fv2%2Fcategories&post=7137"},{"taxonomy":"post_tag","embeddable":true,"href":"https:\/\/www.notiflashmexiquense.com.mx\/index.php?rest_route=%2Fwp%2Fv2%2Ftags&post=7137"}],"curies":[{"name":"wp","href":"https:\/\/api.w.org\/{rel}","templated":true}]}}