{"id":7128,"date":"2022-06-21T00:52:11","date_gmt":"2022-06-21T00:52:11","guid":{"rendered":"https:\/\/www.notiflashmexiquense.com.mx\/?p=7128"},"modified":"2022-06-21T00:52:11","modified_gmt":"2022-06-21T00:52:11","slug":"enrique-vargas-el-unico-que-puede-ganar-la-gubernatura-en-2023-con-la-alianza-pan-pri-y-prd","status":"publish","type":"post","link":"https:\/\/www.notiflashmexiquense.com.mx\/?p=7128","title":{"rendered":"ENRIQUE VARGAS EL \u00daNICO QUE PUEDE GANAR LA GUBERNATURA EN 2023 CON LA ALIANZA PAN, PRI Y PRD"},"content":{"rendered":"\n<p>\u00d8&nbsp;&nbsp;<strong>La encuesta de CE Research coloca al panista con el 41 por ciento de las preferencias<\/strong><\/p>\n\n\n\n<p>\u00d8&nbsp;&nbsp;<strong>El sondeo de preferencia electoral tiene un 95 por ciento de confiabilidad<\/strong><\/p>\n\n\n\n<p>A menos de un a\u00f1o para la elecci\u00f3n en la que se&nbsp; renovar\u00e1 la gubernatura del Estado de M\u00e9xico,&nbsp; Enrique Vargas del Villar es el \u00fanico candidato competitivo para encabezar la alianza PAN, PRI y PRD, de acuerdo con la encuesta de preferencia electoral realizada por CE Research publicada este 20 de junio.<\/p>\n\n\n\n<p>La medici\u00f3n realizada a trav\u00e9s de llamadas telef\u00f3nicas coloca al actual l\u00edder de la bancada del PAN en el congreso mexiquense, Enrique Vargas, como el mejor posicionado con un 36 por ciento para en encabezar la alianza y obtener el triunfo en las urnas el primer domingo de junio del 2023.<\/p>\n\n\n\n<p>La metodolog\u00eda implementada por la casa encuestadora, con una confiabilidad del 95 por ciento, es clara en se\u00f1alar que Vargas del Villar, ser\u00eda el candidato id\u00f3neo para ir al frente de la alianza Va por el Estado de M\u00e9xico, y dar la batalla a la posible candidata de Morena, con quien est\u00e1 en empate t\u00e9cnico, de acuerdo a esta medici\u00f3n y muy lejos se ubican a otros aspirantes del partido guinda<\/p>\n\n\n\n<p>La pregunta en el caso de la alianza PRI, PAN, PRD, qui\u00e9n prefiere usted sea el candidato, los encuestados colocaron a Enrique Vargas con un 36 por ciento, Alejandra del Moral con 20 puntos, seguidos de Ernesto Nemer y Ana Lilia Herrera, con 19 y 14 puntos respectivamente, de aceptaci\u00f3n para ocupar dicha designaci\u00f3n.<\/p>\n\n\n\n<p>En la encuesta realizada por CE&nbsp; Research, se destaca que un 54 por ciento de las personas consultadas est\u00e1n de acuerdo en que los partidos compitan en alianza.<\/p>\n\n\n\n<p>De tal manera, que de acuerdo al sondeo de la empresa, de no ser Enrique Vargas la persona que encabece la Alianza, cualquier otro aspirante tendr\u00e1 negativos de por lo menos 10 puntos porcentuales.<\/p>\n","protected":false},"excerpt":{"rendered":"<p>&Oslash;&nbsp;&nbsp;La encuesta de CE Research coloca al panista con el 41 por ciento de las&#8230;<\/p>\n","protected":false},"author":1,"featured_media":7129,"comment_status":"closed","ping_status":"closed","sticky":false,"template":"","format":"standard","meta":{"footnotes":""},"categories":[1],"tags":[],"class_list":["post-7128","post","type-post","status-publish","format-standard","has-post-thumbnail","hentry","category-noticias"],"_links":{"self":[{"href":"https:\/\/www.notiflashmexiquense.com.mx\/index.php?rest_route=\/wp\/v2\/posts\/7128","targetHints":{"allow":["GET"]}}],"collection":[{"href":"https:\/\/www.notiflashmexiquense.com.mx\/index.php?rest_route=\/wp\/v2\/posts"}],"about":[{"href":"https:\/\/www.notiflashmexiquense.com.mx\/index.php?rest_route=\/wp\/v2\/types\/post"}],"author":[{"embeddable":true,"href":"https:\/\/www.notiflashmexiquense.com.mx\/index.php?rest_route=\/wp\/v2\/users\/1"}],"replies":[{"embeddable":true,"href":"https:\/\/www.notiflashmexiquense.com.mx\/index.php?rest_route=%2Fwp%2Fv2%2Fcomments&post=7128"}],"version-history":[{"count":1,"href":"https:\/\/www.notiflashmexiquense.com.mx\/index.php?rest_route=\/wp\/v2\/posts\/7128\/revisions"}],"predecessor-version":[{"id":7130,"href":"https:\/\/www.notiflashmexiquense.com.mx\/index.php?rest_route=\/wp\/v2\/posts\/7128\/revisions\/7130"}],"wp:featuredmedia":[{"embeddable":true,"href":"https:\/\/www.notiflashmexiquense.com.mx\/index.php?rest_route=\/wp\/v2\/media\/7129"}],"wp:attachment":[{"href":"https:\/\/www.notiflashmexiquense.com.mx\/index.php?rest_route=%2Fwp%2Fv2%2Fmedia&parent=7128"}],"wp:term":[{"taxonomy":"category","embeddable":true,"href":"https:\/\/www.notiflashmexiquense.com.mx\/index.php?rest_route=%2Fwp%2Fv2%2Fcategories&post=7128"},{"taxonomy":"post_tag","embeddable":true,"href":"https:\/\/www.notiflashmexiquense.com.mx\/index.php?rest_route=%2Fwp%2Fv2%2Ftags&post=7128"}],"curies":[{"name":"wp","href":"https:\/\/api.w.org\/{rel}","templated":true}]}}