{"id":7119,"date":"2022-06-20T23:24:38","date_gmt":"2022-06-20T23:24:38","guid":{"rendered":"https:\/\/www.notiflashmexiquense.com.mx\/?p=7119"},"modified":"2022-06-20T23:24:39","modified_gmt":"2022-06-20T23:24:39","slug":"reconocemos-compromiso-y-profesionalismo-de-elementos-policiacos-rigoberto-cortes-melgoza","status":"publish","type":"post","link":"https:\/\/www.notiflashmexiquense.com.mx\/?p=7119","title":{"rendered":"Reconocemos compromiso y profesionalismo de elementos policiacos: Rigoberto Cort\u00e9s Melgoza"},"content":{"rendered":"\n<p>**Entregan armas cortas y largas as\u00ed como est\u00edmulos econ\u00f3micos a elementos por su actuaci\u00f3n policial.<\/p>\n\n\n\n<p>Acolman, M\u00e9xico a 20 de junio de 2022.- El alcalde municipal L.C. Rigoberto Cort\u00e9s Melgoza hizo entrega de reconocimientos y est\u00edmulos econ\u00f3micos a elementos de la Direcci\u00f3n General de Seguridad P\u00fablica por su destacada acci\u00f3n policial en acciones de alto impacto. Al mismo tiempo realiz\u00f3 la entrega de armamento que reforzar\u00e1 el equipo t\u00e1ctico con el que se cuenta en la corporaci\u00f3n policiaca.<\/p>\n\n\n\n<p>El Presidente municipal describi\u00f3 a \u00e9ste como un d\u00eda hist\u00f3rico para la administraci\u00f3n municipal, porque se fortalece la actuaci\u00f3n policial de quienes son encargados de brindar la paz y la seguridad de los ciudadanos.<\/p>\n\n\n\n<p>\u201cReconocemos el permanente compromiso, profesionalismo y valor de nuestros cuerpos de seguridad p\u00fablica, de mujeres y hombres que trabajan por los Acolmenses\u201d, dijo.<\/p>\n\n\n\n<p>De la misma manera, les exhort\u00f3 a seguir trabajando con determinaci\u00f3n y firmeza, ya que su administraci\u00f3n est\u00e1 comprometida con la Seguridad P\u00fablica de los Acolmenses.<\/p>\n\n\n\n<p>A su vez, agradeci\u00f3 a los integrantes del honorable Cabildo para apoyar con est\u00edmulos econ\u00f3mico esta ardua labor.<\/p>\n\n\n\n<p>Asistieron a la ceremonia el Fiscal Regional de Tec\u00e1mac, Mtro. Hugo Roberto Flores Vasconcelos; el Comisario, Lic. Omar Olvera R\u00edos; as\u00ed como la S\u00edndico Municipal, Lic. Blanca Guadalupe S\u00e1nchez Osorio y el Secretario del Ayuntamiento Edgar H\u00e9ctor Hugo Contreras Alfaro; regidoras y regidores, entre otros miembros de la administraci\u00f3n p\u00fablica municipal.<\/p>\n","protected":false},"excerpt":{"rendered":"<p>**Entregan armas cortas y largas as&iacute; como est&iacute;mulos econ&oacute;micos a elementos por su actuaci&oacute;n policial&#8230;.<\/p>\n","protected":false},"author":1,"featured_media":7120,"comment_status":"closed","ping_status":"closed","sticky":false,"template":"","format":"standard","meta":{"footnotes":""},"categories":[15],"tags":[],"class_list":["post-7119","post","type-post","status-publish","format-standard","has-post-thumbnail","hentry","category-acolman"],"_links":{"self":[{"href":"https:\/\/www.notiflashmexiquense.com.mx\/index.php?rest_route=\/wp\/v2\/posts\/7119","targetHints":{"allow":["GET"]}}],"collection":[{"href":"https:\/\/www.notiflashmexiquense.com.mx\/index.php?rest_route=\/wp\/v2\/posts"}],"about":[{"href":"https:\/\/www.notiflashmexiquense.com.mx\/index.php?rest_route=\/wp\/v2\/types\/post"}],"author":[{"embeddable":true,"href":"https:\/\/www.notiflashmexiquense.com.mx\/index.php?rest_route=\/wp\/v2\/users\/1"}],"replies":[{"embeddable":true,"href":"https:\/\/www.notiflashmexiquense.com.mx\/index.php?rest_route=%2Fwp%2Fv2%2Fcomments&post=7119"}],"version-history":[{"count":1,"href":"https:\/\/www.notiflashmexiquense.com.mx\/index.php?rest_route=\/wp\/v2\/posts\/7119\/revisions"}],"predecessor-version":[{"id":7121,"href":"https:\/\/www.notiflashmexiquense.com.mx\/index.php?rest_route=\/wp\/v2\/posts\/7119\/revisions\/7121"}],"wp:featuredmedia":[{"embeddable":true,"href":"https:\/\/www.notiflashmexiquense.com.mx\/index.php?rest_route=\/wp\/v2\/media\/7120"}],"wp:attachment":[{"href":"https:\/\/www.notiflashmexiquense.com.mx\/index.php?rest_route=%2Fwp%2Fv2%2Fmedia&parent=7119"}],"wp:term":[{"taxonomy":"category","embeddable":true,"href":"https:\/\/www.notiflashmexiquense.com.mx\/index.php?rest_route=%2Fwp%2Fv2%2Fcategories&post=7119"},{"taxonomy":"post_tag","embeddable":true,"href":"https:\/\/www.notiflashmexiquense.com.mx\/index.php?rest_route=%2Fwp%2Fv2%2Ftags&post=7119"}],"curies":[{"name":"wp","href":"https:\/\/api.w.org\/{rel}","templated":true}]}}