{"id":7116,"date":"2022-06-20T22:49:26","date_gmt":"2022-06-20T22:49:26","guid":{"rendered":"https:\/\/www.notiflashmexiquense.com.mx\/?p=7116"},"modified":"2022-06-20T22:49:27","modified_gmt":"2022-06-20T22:49:27","slug":"combatir-y-garantizar-la-seguridad-es-responsabilidad-del-gobierno-y-no-de-una-persona-maurilio-hernandez","status":"publish","type":"post","link":"https:\/\/www.notiflashmexiquense.com.mx\/?p=7116","title":{"rendered":"Combatir y garantizar la seguridad es responsabilidad del gobierno y no de una persona: Maurilio Hern\u00e1ndez"},"content":{"rendered":"\n<p>*Exhorta presidente de la Jucopo a Gobierno del Edomex dejen un estado en calma, trabajando y en paz<\/p>\n\n\n\n<p>*En puerta reuni\u00f3n con el secretario Luis Felipe Puente para retomar las agendas<\/p>\n\n\n\n<p>Tultitl\u00e1n, M\u00e9x., 20 de junio de 2022. La responsabilidad de combatir la violencia y garantizar la seguridad a la poblaci\u00f3n, no es de una secretaria o de una persona, es de todo un r\u00e9gimen, el gobierno del Estado de M\u00e9xico en su conjunto tiene la responsabilidad de atender los graves problemas de violencia e inseguridad, afirm\u00f3 el presidente de la Junta de Coordinaci\u00f3n Pol\u00edtica, Maurilio Hern\u00e1ndez, y exhort\u00f3 a que en estos \u00faltimos meses que les quedan de gobierno hagan el mejor de los esfuerzos y dejen un estado en calma, trabajando y en paz.<\/p>\n\n\n\n<p>Tras la salida de Ernesto Nemer, de la secretaria general de gobierno, el diputado de Morena, coment\u00f3, \u201cno tiene mayor trascendencia que un funcionario sea removido de su encargo, la estrategia y el sistema organizacional que tiene el gobierno, es el que determina las decisiones\u201d y agreg\u00f3, que tendr\u00e1 la oportunidad de una interlocuci\u00f3n con Luis Felipe Puente como la tuvo con Alejandro Ozuna y Ernesto Nemer, en su car\u00e1cter de representante del poder Legislativo, para trabajar en el \u00e1mbito de sus responsabilidades, abonar propuestas, iniciativas y garantizar los recursos para que el ejecutivo pueda cumplir con su responsabilidad de la seguridad, combatir la violencia, el crimen, ya sea el com\u00fan o el crimen organizado.<\/p>\n\n\n\n<p>El coordinador de la bancada de Morena, consider\u00f3 \u201clos ex secretarios de Gobierno, Alejandro Ozuna y Ernesto Nemer, hicieron lo que pod\u00edan haber hecho, pero no es un problema de un hombre es un problema del sistema y as\u00ed lo debemos enfocar, porque nosotros no estamos luchando contra la posici\u00f3n de las personas, estamos luchando contra los sistemas y el sistema que vivimos en el Estado de M\u00e9xico, reiter\u00f3, ya ha sido rebasado por la realidad y por esa raz\u00f3n no habr\u00e1 ning\u00fan hombre que por s\u00ed solo vaya a poder resolver\u201d.<\/p>\n\n\n\n<p>Y anunci\u00f3, como presidente de la Jucopo de la LXI Legislatura, \u201ctenemos en puerta una reuni\u00f3n con el secretario de Gobierno, Luis Felipe Puente, ser\u00e1 en breve, seguramente la pr\u00f3xima semana, estamos d\u00e1ndonos la oportunidad de poder retomar las agendas\u201d.<\/p>\n\n\n\n<p>A\u00f1adi\u00f3, seguimos con la misma agenda del combate a la corrupci\u00f3n, del combate a la violencia y el cumplimiento de los proyectos y programas que el ejecutivo tiene establecidos a los que se comprometi\u00f3 y que el legislativo lo apoy\u00f3 con la aprobaci\u00f3n del presupuesto que m\u00e1s, menos lo han requerido.<\/p>\n\n\n\n<p>El coordinador de la bancada de Morena, reiter\u00f3, lo que se est\u00e1 reflejando en el territorio mexiquense, es que las instituciones est\u00e1n siendo rebasadas por la realidad y eso nos impulsa a\u00fan m\u00e1s a demandar a quienes est\u00e1n gobernando, a que en estos \u00faltimos meses que les quedan de gobierno puedan hacer el mejor de los esfuerzos y puedan cuando menos, dejar y entregar un estado en calma, un estado trabajando, un estado en paz y sobre todo un estado con la disposici\u00f3n de regenerarse, porque van a tener que entregar el estado.<\/p>\n\n\n\n<p>Por esta raz\u00f3n, puntualiz\u00f3, es que cuando lleguemos al gobierno estamos invitando que vamos a gobernar con el pueblo, con la ciudadan\u00eda, vamos a involucrar la participaci\u00f3n de la ciudadan\u00eda, y lo estamos impulsando desde ahora, la reforma constitucional y legal del marco jur\u00eddico del Estado de M\u00e9xico y lo estamos haciendo, a trav\u00e9s del Parlamento Abierto recibir siempre las propuestas y las aportaciones de la poblaci\u00f3n, eso es democratizar a la sociedad, generar la posibilidad de que sea el pueblo organizado el que pueda defender al pueblo.<\/p>\n","protected":false},"excerpt":{"rendered":"<p>*Exhorta presidente de la Jucopo a Gobierno del Edomex dejen un estado en calma, trabajando&#8230;<\/p>\n","protected":false},"author":1,"featured_media":7117,"comment_status":"closed","ping_status":"closed","sticky":false,"template":"","format":"standard","meta":{"footnotes":""},"categories":[42],"tags":[],"class_list":["post-7116","post","type-post","status-publish","format-standard","has-post-thumbnail","hentry","category-legislatura-mexiquense-nueva-etapa"],"_links":{"self":[{"href":"https:\/\/www.notiflashmexiquense.com.mx\/index.php?rest_route=\/wp\/v2\/posts\/7116","targetHints":{"allow":["GET"]}}],"collection":[{"href":"https:\/\/www.notiflashmexiquense.com.mx\/index.php?rest_route=\/wp\/v2\/posts"}],"about":[{"href":"https:\/\/www.notiflashmexiquense.com.mx\/index.php?rest_route=\/wp\/v2\/types\/post"}],"author":[{"embeddable":true,"href":"https:\/\/www.notiflashmexiquense.com.mx\/index.php?rest_route=\/wp\/v2\/users\/1"}],"replies":[{"embeddable":true,"href":"https:\/\/www.notiflashmexiquense.com.mx\/index.php?rest_route=%2Fwp%2Fv2%2Fcomments&post=7116"}],"version-history":[{"count":1,"href":"https:\/\/www.notiflashmexiquense.com.mx\/index.php?rest_route=\/wp\/v2\/posts\/7116\/revisions"}],"predecessor-version":[{"id":7118,"href":"https:\/\/www.notiflashmexiquense.com.mx\/index.php?rest_route=\/wp\/v2\/posts\/7116\/revisions\/7118"}],"wp:featuredmedia":[{"embeddable":true,"href":"https:\/\/www.notiflashmexiquense.com.mx\/index.php?rest_route=\/wp\/v2\/media\/7117"}],"wp:attachment":[{"href":"https:\/\/www.notiflashmexiquense.com.mx\/index.php?rest_route=%2Fwp%2Fv2%2Fmedia&parent=7116"}],"wp:term":[{"taxonomy":"category","embeddable":true,"href":"https:\/\/www.notiflashmexiquense.com.mx\/index.php?rest_route=%2Fwp%2Fv2%2Fcategories&post=7116"},{"taxonomy":"post_tag","embeddable":true,"href":"https:\/\/www.notiflashmexiquense.com.mx\/index.php?rest_route=%2Fwp%2Fv2%2Ftags&post=7116"}],"curies":[{"name":"wp","href":"https:\/\/api.w.org\/{rel}","templated":true}]}}