{"id":7110,"date":"2022-06-19T21:40:44","date_gmt":"2022-06-19T21:40:44","guid":{"rendered":"https:\/\/www.notiflashmexiquense.com.mx\/?p=7110"},"modified":"2022-06-19T21:40:45","modified_gmt":"2022-06-19T21:40:45","slug":"pri-ya-no-tiene-oportunidad-en-edomex-de-lograr-el-triunfo-en-2023-de-manera-legal-y-legitima-maurilio-hernandez","status":"publish","type":"post","link":"https:\/\/www.notiflashmexiquense.com.mx\/?p=7110","title":{"rendered":"PRI ya no tiene oportunidad en Edomex de lograr el triunfo en 2023 de manera legal y leg\u00edtima: Maurilio Hern\u00e1ndez"},"content":{"rendered":"\n<p>Muestran su desesperaci\u00f3n con supuesto plan de defensa de la legalidad hacia el 2023<\/p>\n\n\n\n<p>PRI est\u00e1 a punto de perder el registro en varias entidades, por eso buscan la alianza<\/p>\n\n\n\n<p>La ciudadan\u00eda est\u00e1 muy atenta no permitir\u00e1 que se vuelvan a cometer fraudes<\/p>\n\n\n\n<p>Tultitl\u00e1n, M\u00e9x., 19 de junio de 2022. El presidente de la Junta de Coordinaci\u00f3n Pol\u00edtica de la LXI Legislatura, Maurilio Hern\u00e1ndez, ante el supuesto plan de defensa de la legalidad en los pr\u00f3ximos comicios electorales de 2023 que defini\u00f3 el PRI, asegur\u00f3 que solo es muestra de su desesperaci\u00f3n, porque est\u00e1n de alguna manera conscientes de que ya no tienen oportunidad de manera legal y leg\u00edtima de lograr el triunfo, que ser\u00eda una bocanada de ox\u00edgeno, al resquebrajarse, est\u00e1n a punto de perder el registro en varias entidades y por ello buscan una alianza.<\/p>\n\n\n\n<p>El diputado de Morena, reiter\u00f3, en virtud de que se est\u00e1 desquebrajando, el PRI, lo que no se pensaba en a\u00f1os anteriores, est\u00e1 a punto de perder el registro en varias entidades, lo acaba de perder en las pasadas elecciones en Quintana Roo, y los pone en una situaci\u00f3n de mucha desesperaci\u00f3n y por esa raz\u00f3n han buscado una alianza.<\/p>\n\n\n\n<p>Enfatiz\u00f3, que el PRI pretenda defender en el Estado de M\u00e9xico y Coahuila el triunfo en el 2023, es una declaraci\u00f3n desesperada, no tienen en este momento ninguna base de sustentabilidad que les permita garantizar que van a refrendar el triunfo o el fraude en estas entidades, porque la gente est\u00e1 muy atenta, no va a permitir la ciudadan\u00eda que se vuelvan a cometer fraudes, y habremos de denunciar cualquier pr\u00e1ctica que vaya en contra de la legalidad y de la legitimidad con la que deben ser nombrados los gobernantes.<\/p>\n\n\n\n<p>El tambi\u00e9n coordinador del Grupo Parlamentario de Morena reiter\u00f3, los pri\u00edstas tienen muy claro que en el Estado de M\u00e9xico van a perder, as\u00ed vayan en alianza los tres partidos que han ido unidos en los \u00faltimos tiempos o se les sume otro m\u00e1s, Morena con sus aliados naturales, pero sobre todo con la alianza que estamos construyendo con la sociedad organizada, a trav\u00e9s de las organizaciones civiles, pol\u00edticas, gremiales, de las comunidades rurales, urbanas, de los sectores de la poblaci\u00f3n muy diversos, es como estamos haciendo la transformaci\u00f3n de M\u00e9xico y tambi\u00e9n lo haremos en la entidad.<\/p>\n\n\n\n<p>Agreg\u00f3 \u201cuna alianza, total y absolutamente inconcebible, puesto que, desde el punto de vista pol\u00edtico buscan generar, respaldos para lograr triunfos en ese pragmatismo que siempre les ha caracterizado, garantizar el triunfo electoral, para seguir sirviendo a los intereses que siempre han servido, que son los de una oligarqu\u00eda que se niega a aceptar que las cosas deben cambiar en este pa\u00eds, por eso est\u00e1n desesperados\u201d.<\/p>\n\n\n\n<p>Luego de desestimar, el plan estrat\u00e9gico de acci\u00f3n pol\u00edtica del PRI en busca del triunfo en la entidad, dijo, \u201ca diferencia de nosotros, nosotros solo tenemos compromiso con el pueblo de M\u00e9xico, y todo lo que hacemos es pensando en el cambio del r\u00e9gimen pol\u00edtico, en el cambio del sistema pol\u00edtico, cambio de modelo econ\u00f3mico que nos han impuesto por m\u00e1s de 70 a\u00f1os, a efecto de cambiar las condiciones de vida de la poblaci\u00f3n\u201d.<\/p>\n\n\n\n<p>El legislador asegur\u00f3, por eso es que la gente, los electores, con plena conciencia est\u00e1n acudiendo a las urnas, a votar por ese cambio, porque de esa manera se est\u00e1 impulsando la 4T, implica una regeneraci\u00f3n del tejido social, del ejercicio de la pol\u00edtica y sobre todo de una buena gobernanza porque el gobierno que proponemos es para servir al pueblo y ante eso est\u00e1n desesperados, puntualiz\u00f3.<\/p>\n","protected":false},"excerpt":{"rendered":"<p>Muestran su desesperaci&oacute;n con supuesto plan de defensa de la legalidad hacia el 2023 PRI&#8230;<\/p>\n","protected":false},"author":1,"featured_media":7111,"comment_status":"closed","ping_status":"closed","sticky":false,"template":"","format":"standard","meta":{"footnotes":""},"categories":[42],"tags":[],"class_list":["post-7110","post","type-post","status-publish","format-standard","has-post-thumbnail","hentry","category-legislatura-mexiquense-nueva-etapa"],"_links":{"self":[{"href":"https:\/\/www.notiflashmexiquense.com.mx\/index.php?rest_route=\/wp\/v2\/posts\/7110","targetHints":{"allow":["GET"]}}],"collection":[{"href":"https:\/\/www.notiflashmexiquense.com.mx\/index.php?rest_route=\/wp\/v2\/posts"}],"about":[{"href":"https:\/\/www.notiflashmexiquense.com.mx\/index.php?rest_route=\/wp\/v2\/types\/post"}],"author":[{"embeddable":true,"href":"https:\/\/www.notiflashmexiquense.com.mx\/index.php?rest_route=\/wp\/v2\/users\/1"}],"replies":[{"embeddable":true,"href":"https:\/\/www.notiflashmexiquense.com.mx\/index.php?rest_route=%2Fwp%2Fv2%2Fcomments&post=7110"}],"version-history":[{"count":1,"href":"https:\/\/www.notiflashmexiquense.com.mx\/index.php?rest_route=\/wp\/v2\/posts\/7110\/revisions"}],"predecessor-version":[{"id":7112,"href":"https:\/\/www.notiflashmexiquense.com.mx\/index.php?rest_route=\/wp\/v2\/posts\/7110\/revisions\/7112"}],"wp:featuredmedia":[{"embeddable":true,"href":"https:\/\/www.notiflashmexiquense.com.mx\/index.php?rest_route=\/wp\/v2\/media\/7111"}],"wp:attachment":[{"href":"https:\/\/www.notiflashmexiquense.com.mx\/index.php?rest_route=%2Fwp%2Fv2%2Fmedia&parent=7110"}],"wp:term":[{"taxonomy":"category","embeddable":true,"href":"https:\/\/www.notiflashmexiquense.com.mx\/index.php?rest_route=%2Fwp%2Fv2%2Fcategories&post=7110"},{"taxonomy":"post_tag","embeddable":true,"href":"https:\/\/www.notiflashmexiquense.com.mx\/index.php?rest_route=%2Fwp%2Fv2%2Ftags&post=7110"}],"curies":[{"name":"wp","href":"https:\/\/api.w.org\/{rel}","templated":true}]}}