{"id":7107,"date":"2022-06-19T21:32:19","date_gmt":"2022-06-19T21:32:19","guid":{"rendered":"https:\/\/www.notiflashmexiquense.com.mx\/?p=7107"},"modified":"2022-06-19T21:32:19","modified_gmt":"2022-06-19T21:32:19","slug":"ceremonia-luctuosa-en-honor-a-la-comandante-angelica-patricia-hernandez-miranda","status":"publish","type":"post","link":"https:\/\/www.notiflashmexiquense.com.mx\/?p=7107","title":{"rendered":"CEREMONIA LUCTUOSA EN HONOR A LA COMANDANTE ANG\u00c9LICA PATRICIA HERN\u00c1NDEZ MIRANDA"},"content":{"rendered":"\n<p>Esta ma\u00f1ana se llev\u00f3 a cabo la ceremonia luctuosa en honor de la comandante del Sector VIII, Ang\u00e9lica Patricia Hern\u00e1ndez Miranda, quien perdi\u00f3 la vida en cumplimiento de sus funciones.<\/p>\n\n\n\n<p>La presidenta municipal, Karla Leticia Fiesco Garc\u00eda, en compa\u00f1\u00eda de familiares y amigos de la comandante, ediles, el comisario de Seguridad Ciudadana, Mario Alfredo L\u00f3pez Mu\u00f1oz y elementos de la Comisar\u00eda estuvieron presentes en esta ceremonia.<\/p>\n\n\n\n<p>El Gobierno Municipal hoy pierde a un gran elemento que ser\u00e1 irremplazable, sin embargo, vivir\u00e1 en cada servidor p\u00fablico que en su honor dar\u00e1 todo por Cuautitl\u00e1n Izcalli.<br>Descanse en paz.<br>\u20140\u2014<\/p>\n","protected":false},"excerpt":{"rendered":"<p>Esta ma&ntilde;ana se llev&oacute; a cabo la ceremonia luctuosa en honor de la comandante del&#8230;<\/p>\n","protected":false},"author":1,"featured_media":7108,"comment_status":"closed","ping_status":"closed","sticky":false,"template":"","format":"standard","meta":{"footnotes":""},"categories":[1],"tags":[],"class_list":["post-7107","post","type-post","status-publish","format-standard","has-post-thumbnail","hentry","category-noticias"],"_links":{"self":[{"href":"https:\/\/www.notiflashmexiquense.com.mx\/index.php?rest_route=\/wp\/v2\/posts\/7107","targetHints":{"allow":["GET"]}}],"collection":[{"href":"https:\/\/www.notiflashmexiquense.com.mx\/index.php?rest_route=\/wp\/v2\/posts"}],"about":[{"href":"https:\/\/www.notiflashmexiquense.com.mx\/index.php?rest_route=\/wp\/v2\/types\/post"}],"author":[{"embeddable":true,"href":"https:\/\/www.notiflashmexiquense.com.mx\/index.php?rest_route=\/wp\/v2\/users\/1"}],"replies":[{"embeddable":true,"href":"https:\/\/www.notiflashmexiquense.com.mx\/index.php?rest_route=%2Fwp%2Fv2%2Fcomments&post=7107"}],"version-history":[{"count":1,"href":"https:\/\/www.notiflashmexiquense.com.mx\/index.php?rest_route=\/wp\/v2\/posts\/7107\/revisions"}],"predecessor-version":[{"id":7109,"href":"https:\/\/www.notiflashmexiquense.com.mx\/index.php?rest_route=\/wp\/v2\/posts\/7107\/revisions\/7109"}],"wp:featuredmedia":[{"embeddable":true,"href":"https:\/\/www.notiflashmexiquense.com.mx\/index.php?rest_route=\/wp\/v2\/media\/7108"}],"wp:attachment":[{"href":"https:\/\/www.notiflashmexiquense.com.mx\/index.php?rest_route=%2Fwp%2Fv2%2Fmedia&parent=7107"}],"wp:term":[{"taxonomy":"category","embeddable":true,"href":"https:\/\/www.notiflashmexiquense.com.mx\/index.php?rest_route=%2Fwp%2Fv2%2Fcategories&post=7107"},{"taxonomy":"post_tag","embeddable":true,"href":"https:\/\/www.notiflashmexiquense.com.mx\/index.php?rest_route=%2Fwp%2Fv2%2Ftags&post=7107"}],"curies":[{"name":"wp","href":"https:\/\/api.w.org\/{rel}","templated":true}]}}