{"id":7092,"date":"2022-06-19T02:23:17","date_gmt":"2022-06-19T02:23:17","guid":{"rendered":"https:\/\/www.notiflashmexiquense.com.mx\/?p=7092"},"modified":"2022-06-19T02:23:18","modified_gmt":"2022-06-19T02:23:18","slug":"en-morena-no-hay-nadie-que-tenga-asegurada-la-candidatura-a-la-gubernatura-higinio-martinez","status":"publish","type":"post","link":"https:\/\/www.notiflashmexiquense.com.mx\/?p=7092","title":{"rendered":"En Morena no hay nadie que tenga asegurada la candidatura a la gubernatura: Higinio Mart\u00ednez"},"content":{"rendered":"\n<p>*Considera que no existen \u00abdados cargados\u00bb para definir al futuro candidato<\/p>\n\n\n\n<p>*Higinio Mart\u00ednez se\u00f1ala que aspira a convertirse en el pr\u00f3ximo coordinador de los Comit\u00e9s de Defensa de la 4T en Edomex<\/p>\n\n\n\n<p>Toluca, Mex, 18 de junio 2022.- Ante representantes de los medios de comunicaci\u00f3n, el senador Higinio Mart\u00ednez Miranda declar\u00f3 que no existen \u00abdados cargados\u00bb en Morena, por lo que considera que no existe preferencia para que una mujer u hombre en particular sea el futuro candidato a la gubernatura del Estado de M\u00e9xico.<\/p>\n\n\n\n<p>\u00abNo veo en este momento que haya alguien quien pueda decir que ya tiene asegurado esa condici\u00f3n (de candidato)\u00bb, asegur\u00f3 en conferencia de prensa realizada en Toluca.<\/p>\n\n\n\n<p>A la vez que reconoci\u00f3 que aspira a convertirse en el pr\u00f3ximo coordinador de los Comit\u00e9s de Defensa de la 4T en el estado de M\u00e9xico, que ser\u00e1 nombrado por Morena a mas tardar el 20 de julio.<\/p>\n\n\n\n<p>En compa\u00f1\u00eda de los diputados Maurilio Hern\u00e1ndez Gonz\u00e1lez y Nazario Guti\u00e9rrez Mart\u00ednez enfatiz\u00f3 que \u00abno hay obsesi\u00f3n\u2026no hay ambici\u00f3n\u2026 pero la conclusi\u00f3n es que yo pueda ser el coordinador de los trabajos\u00bb.<\/p>\n\n\n\n<p>El texcocano destac\u00f3 que Morena ha convocado a la renovaci\u00f3n interna de los \u00f3rganos internos del partido, cuyo proceso se espera que concluya en el mes de septiembre.<\/p>\n\n\n\n<p>A la vez que a nivel estatal en el pr\u00f3ximo mes de julio ya se tendr\u00e1 el nombre del coordinador de los Comit\u00e9s de Defensa de la 4T, que en ocasiones \u00abese coordinador termina siendo candidato\u00bb, pero reiter\u00f3 que los candidatos se designan el pr\u00f3ximo a\u00f1o.<\/p>\n\n\n\n<p>Sobre esta figura conf\u00edo en que dicho coordinador ser\u00e1 del municipio de Texcoco, ya que aunque respeta a sus compa\u00f1eros de Morena de otros municipios que han mostrado inter\u00e9s, dado el trabajo realizado, en las encuestas se habla de \u00ablos tres texcocanos\u00bb.<\/p>\n\n\n\n<p>Con respecto a los eventos realizados en el Estado de M\u00e9xico invitado por la organizaci\u00f3n Mexiquenses del Coraz\u00f3n precis\u00f3 que hasta el momento no tiene ninguna se\u00f1al que le diga \u00abp\u00e1rate o s\u00edguele\u00bb, por lo que continuar\u00e1 recorriendo la entidad.<\/p>\n","protected":false},"excerpt":{"rendered":"<p>*Considera que no existen &laquo;dados cargados&raquo; para definir al futuro candidato *Higinio Mart&iacute;nez se&ntilde;ala que&#8230;<\/p>\n","protected":false},"author":1,"featured_media":7093,"comment_status":"closed","ping_status":"closed","sticky":false,"template":"","format":"standard","meta":{"footnotes":""},"categories":[1],"tags":[],"class_list":["post-7092","post","type-post","status-publish","format-standard","has-post-thumbnail","hentry","category-noticias"],"_links":{"self":[{"href":"https:\/\/www.notiflashmexiquense.com.mx\/index.php?rest_route=\/wp\/v2\/posts\/7092","targetHints":{"allow":["GET"]}}],"collection":[{"href":"https:\/\/www.notiflashmexiquense.com.mx\/index.php?rest_route=\/wp\/v2\/posts"}],"about":[{"href":"https:\/\/www.notiflashmexiquense.com.mx\/index.php?rest_route=\/wp\/v2\/types\/post"}],"author":[{"embeddable":true,"href":"https:\/\/www.notiflashmexiquense.com.mx\/index.php?rest_route=\/wp\/v2\/users\/1"}],"replies":[{"embeddable":true,"href":"https:\/\/www.notiflashmexiquense.com.mx\/index.php?rest_route=%2Fwp%2Fv2%2Fcomments&post=7092"}],"version-history":[{"count":1,"href":"https:\/\/www.notiflashmexiquense.com.mx\/index.php?rest_route=\/wp\/v2\/posts\/7092\/revisions"}],"predecessor-version":[{"id":7094,"href":"https:\/\/www.notiflashmexiquense.com.mx\/index.php?rest_route=\/wp\/v2\/posts\/7092\/revisions\/7094"}],"wp:featuredmedia":[{"embeddable":true,"href":"https:\/\/www.notiflashmexiquense.com.mx\/index.php?rest_route=\/wp\/v2\/media\/7093"}],"wp:attachment":[{"href":"https:\/\/www.notiflashmexiquense.com.mx\/index.php?rest_route=%2Fwp%2Fv2%2Fmedia&parent=7092"}],"wp:term":[{"taxonomy":"category","embeddable":true,"href":"https:\/\/www.notiflashmexiquense.com.mx\/index.php?rest_route=%2Fwp%2Fv2%2Fcategories&post=7092"},{"taxonomy":"post_tag","embeddable":true,"href":"https:\/\/www.notiflashmexiquense.com.mx\/index.php?rest_route=%2Fwp%2Fv2%2Ftags&post=7092"}],"curies":[{"name":"wp","href":"https:\/\/api.w.org\/{rel}","templated":true}]}}