{"id":7080,"date":"2022-06-18T22:41:33","date_gmt":"2022-06-18T22:41:33","guid":{"rendered":"https:\/\/www.notiflashmexiquense.com.mx\/?p=7080"},"modified":"2022-06-18T22:41:34","modified_gmt":"2022-06-18T22:41:34","slug":"descarta-higinio-martinez-dados-cargados-en-morena-para-el-2023","status":"publish","type":"post","link":"https:\/\/www.notiflashmexiquense.com.mx\/?p=7080","title":{"rendered":"Descarta Higinio Mart\u00ednez dados cargados en Morena para el 2023"},"content":{"rendered":"\n<p>*Hay libertad para movilizarse. <\/p>\n\n\n\n<p>*Tengo respaldo de diputados, alcaldes y lo principal, de la gente. <\/p>\n\n\n\n<p>Toluca, M\u00e9x., a 18 de junio de 2022. El senador Higinio Mart\u00ednez Miranda descart\u00f3 que existan \u201cdados cargados\u201d por parte de Morena en el proceso para elegir candidato o candidata a la Gubernatura del Estado de M\u00e9xico para el 2023 y asegur\u00f3 que hay libertad de los aspirantes para movilizarse, por lo que atender\u00e1 a los procesos internos que consideran la encuesta como m\u00e9todo de selecci\u00f3n, pero tambi\u00e9n pidi\u00f3 que primero se agote el consenso.<\/p>\n\n\n\n<p>\u201cNo veo dados cargados. No tengo una se\u00f1al que me diga p\u00e1rate o s\u00edguete, como dijo el Presidente (Andr\u00e9s Manuel Lopez Obrador) todo mundo tiene derecho a aspirar, y lo hago con el respaldo de diputados, alcaldes y de la gente\u201d, apunt\u00f3 a pregunta expresa de representantes medios de comunicaci\u00f3n.<\/p>\n\n\n\n<p>Durante una conferencia de prensa realizada en la capital de la entidad, el senador mexiquense sostuvo que no ve que haya alguien que ya pueda tener asegurada la condici\u00f3n de candidato o candidata, por lo que como aspirante realiza movilizaciones en busca de que sean consideradas por la dirigencia nacional para estas definiciones.<\/p>\n\n\n\n<p>Reiter\u00f3 que aspira a ser coordinador de los trabajos para conformar los Comit\u00e9s de Defensa de la Cuarta Transformaci\u00f3n en el Estado de M\u00e9xico, y asever\u00f3 que sin duda ser\u00e1 de Texcoco.<\/p>\n\n\n\n<p>\u201cRespeto a quienes tengan inter\u00e9s, dado al trabajo realizado durante meses, no me queda la menor duda, se habla de estas tres posibilidades, de estos tres texcocanos (Delfina G\u00f3mez, Horacio Duarte e Higinio Mart\u00ednez), el partido ha determinado que sea a trav\u00e9s de encuestas, lo \u00fanico que planteo es que se agote el procedimiento del consenso, puede dar mucho para evitar muchas cosas\u201d, apunt\u00f3.<\/p>\n\n\n\n<p>Sobre las movilizaciones realizadas en la ciudad de Toluca y en otros municipios, descart\u00f3 que exista uso de recursos p\u00fablicos y pidi\u00f3 que si hay se\u00f1alamientos se hagan las denuncias ante las autoridades correspondientes.<\/p>\n\n\n\n<p>Respecto de los se\u00f1alamientos de la oposici\u00f3n sobre presencia de funcionarios federales y gobernadoras y gobernadores, dijo que est\u00e1n en su derecho de expresarse por lo que es un tema que debe superarse no solo en Morena sino para todos los partidos.<\/p>\n\n\n\n<p>Lament\u00f3 que el PRD \u201cse siga arrastrando con el PRI\u201d, cuando su principal dirigente, Jes\u00fas Zambrano, cuando fue guerrillero combati\u00f3 al r\u00e9gimen del PRI y hoy trabaja para \u00e9l, de igual forma que el PAN cuyo origen fue justo para este mismo fin, y hoy lo respalda con la \u00fanica intenci\u00f3n de frenar a Morena.<\/p>\n\n\n\n<p>Consider\u00f3 que para transformar al Estado de M\u00e9xico se requiere combatir de fondo la corrupci\u00f3n, de arriba hacia abajo, como lo hace el Presidente Andr\u00e9s Manuel L\u00f3pez Obrador, de quien \u201cnadie puede decir que haya tomado algo de manera il\u00edcita, es algo hist\u00f3rico, ni un peso\u201d.<\/p>\n\n\n\n<p>En el tema de seguridad, el texcocano apunt\u00f3 que es un asunro que deben atender de manera coordinada el gobierno federal, estatal y los municipales.<\/p>\n\n\n\n<p>\u201cEspero que en lo queda de este gobierno mejore la seguridad porque hay \u00edndices de delincuencia que nos preocupan a todos. El tema n\u00famero uno es acabar con la corrupci\u00f3n y el que preocupa a los ciudadanos es acabar con la inseguridad\u201d.<\/p>\n","protected":false},"excerpt":{"rendered":"<p>*Hay libertad para movilizarse. *Tengo respaldo de diputados, alcaldes y lo principal, de la gente&#8230;.<\/p>\n","protected":false},"author":1,"featured_media":7081,"comment_status":"closed","ping_status":"closed","sticky":false,"template":"","format":"standard","meta":{"footnotes":""},"categories":[1],"tags":[],"class_list":["post-7080","post","type-post","status-publish","format-standard","has-post-thumbnail","hentry","category-noticias"],"_links":{"self":[{"href":"https:\/\/www.notiflashmexiquense.com.mx\/index.php?rest_route=\/wp\/v2\/posts\/7080","targetHints":{"allow":["GET"]}}],"collection":[{"href":"https:\/\/www.notiflashmexiquense.com.mx\/index.php?rest_route=\/wp\/v2\/posts"}],"about":[{"href":"https:\/\/www.notiflashmexiquense.com.mx\/index.php?rest_route=\/wp\/v2\/types\/post"}],"author":[{"embeddable":true,"href":"https:\/\/www.notiflashmexiquense.com.mx\/index.php?rest_route=\/wp\/v2\/users\/1"}],"replies":[{"embeddable":true,"href":"https:\/\/www.notiflashmexiquense.com.mx\/index.php?rest_route=%2Fwp%2Fv2%2Fcomments&post=7080"}],"version-history":[{"count":1,"href":"https:\/\/www.notiflashmexiquense.com.mx\/index.php?rest_route=\/wp\/v2\/posts\/7080\/revisions"}],"predecessor-version":[{"id":7082,"href":"https:\/\/www.notiflashmexiquense.com.mx\/index.php?rest_route=\/wp\/v2\/posts\/7080\/revisions\/7082"}],"wp:featuredmedia":[{"embeddable":true,"href":"https:\/\/www.notiflashmexiquense.com.mx\/index.php?rest_route=\/wp\/v2\/media\/7081"}],"wp:attachment":[{"href":"https:\/\/www.notiflashmexiquense.com.mx\/index.php?rest_route=%2Fwp%2Fv2%2Fmedia&parent=7080"}],"wp:term":[{"taxonomy":"category","embeddable":true,"href":"https:\/\/www.notiflashmexiquense.com.mx\/index.php?rest_route=%2Fwp%2Fv2%2Fcategories&post=7080"},{"taxonomy":"post_tag","embeddable":true,"href":"https:\/\/www.notiflashmexiquense.com.mx\/index.php?rest_route=%2Fwp%2Fv2%2Ftags&post=7080"}],"curies":[{"name":"wp","href":"https:\/\/api.w.org\/{rel}","templated":true}]}}