{"id":7077,"date":"2022-06-18T02:07:17","date_gmt":"2022-06-18T02:07:17","guid":{"rendered":"https:\/\/www.notiflashmexiquense.com.mx\/?p=7077"},"modified":"2022-06-18T02:07:18","modified_gmt":"2022-06-18T02:07:18","slug":"vamos-a-entregar-el-poder-a-otro-priista-en-el-estado-de-mexico-eric-sevilla","status":"publish","type":"post","link":"https:\/\/www.notiflashmexiquense.com.mx\/?p=7077","title":{"rendered":"VAMOS A ENTREGAR EL PODER A OTRO PRIISTA EN EL ESTADO DE M\u00c9XICO: ERIC SEVILLA"},"content":{"rendered":"\n<p>\u00b7&nbsp;&nbsp;&nbsp;&nbsp;&nbsp;&nbsp;&nbsp;&nbsp;&nbsp;<strong>La militancia pelear\u00e1 electoralmente mano a mano para demostrar de que estamos hechos, afirm\u00f3 el dirigente estatal del PRI.<\/strong><\/p>\n\n\n\n<p>Luego de convocar a corregir el rumbo del pa\u00eds, el Presidente del Comit\u00e9 Directivo Estatal (CDE) del PRI, Eric Sevilla, asegur\u00f3 que la palabra de los priistas es la m\u00e1s valiosa y se comprometi\u00f3 a ganar la gubernatura del Estado de M\u00e9xico en el 2023.<\/p>\n\n\n\n<p>En la entrega de notas laudatorias para reconocer el orgullo de ser priista, sostuvo que la militancia tiene la misi\u00f3n m\u00e1s importante y es la de conservar la gubernatura de la entidad mexiquense con el mejor gobernador de la Rep\u00fablica Mexicana, Alfredo del Mazo.<\/p>\n\n\n\n<p>\u201cJuro proteger a mi Estado, salvaguardarlo, entregarle el poder a otro priista para salvar a M\u00e9xico\u201d, exalt\u00f3 Eric Sevilla. tras destacar que los priistas van a pelear electoralmente \u201cmano a mano, mujer a mujer, hombre a hombre y vamos a demostrar de que tama\u00f1o es el priismo del Estado de M\u00e9xico\u201d.<\/p>\n\n\n\n<p>Ante el primer priista de San Felipe del Progreso, Javier Jer\u00f3nimo Apolonio, y la diputada Josefina Aguilar S\u00e1nchez, puntualiz\u00f3 que el PRI pondr\u00e1 un alto a las injusticias y encauzar\u00e1 el destino de la patria, pues \u201cestamos del lado correcto de la historia, y el \u00fanico partido que lo va a lograr es el Revolucionario Institucional\u201d.<\/p>\n\n\n\n<p>\u201cVamos a ganar porque M\u00e9xico merece mucho m\u00e1s y porque detr\u00e1s del PRI hay historia, vamos a ganar porque detr\u00e1s del PRI est\u00e1n las entra\u00f1as de la patria, porque tenemos que darle rumbo al pa\u00eds\u201d, manifest\u00f3 el dirigente estatal en un municipio&nbsp; al que calific\u00f3 como el coraz\u00f3n de la tierra mazahua.<\/p>\n\n\n\n<p>En su momento, el alcalde Javier Jer\u00f3nimo alent\u00f3 a la militancia priista a trabajar<\/p>\n\n\n\n<p>con pasi\u00f3n y sin descanso a favor del partido, \u201cporque queremos lo mejor para nosotros los mazahuas, lo mejor para nuestro Estado y sobre todo para M\u00e9xico; somos una nueva generaci\u00f3n de priistas que con trabajo se han ganado el liderazgo\u201d.<\/p>\n\n\n\n<p>Dijo, finalmente, que es el momento de mayor participaci\u00f3n que han demandado mujeres y j\u00f3venes; \u201cy a ellos les digo el PRI los necesita para construir un presente seguro y un futuro mejor\u201d.<\/p>\n\n\n\n<p>Al acto de unidad acudieron expresidentes municipales, entre ellos Olegario Romero, actual Secretario de Acci\u00f3n Ind\u00edgena del PRI, Abraham Monroy Esquivel y Juan Manuel Mart\u00ednez Nava.<\/p>\n","protected":false},"excerpt":{"rendered":"<p>&middot;&nbsp;&nbsp;&nbsp;&nbsp;&nbsp;&nbsp;&nbsp;&nbsp;&nbsp;La militancia pelear&aacute; electoralmente mano a mano para demostrar de que estamos hechos, afirm&oacute; el&#8230;<\/p>\n","protected":false},"author":1,"featured_media":7078,"comment_status":"closed","ping_status":"closed","sticky":false,"template":"","format":"standard","meta":{"footnotes":""},"categories":[65],"tags":[],"class_list":["post-7077","post","type-post","status-publish","format-standard","has-post-thumbnail","hentry","category-pri-estado-de-mexico"],"_links":{"self":[{"href":"https:\/\/www.notiflashmexiquense.com.mx\/index.php?rest_route=\/wp\/v2\/posts\/7077","targetHints":{"allow":["GET"]}}],"collection":[{"href":"https:\/\/www.notiflashmexiquense.com.mx\/index.php?rest_route=\/wp\/v2\/posts"}],"about":[{"href":"https:\/\/www.notiflashmexiquense.com.mx\/index.php?rest_route=\/wp\/v2\/types\/post"}],"author":[{"embeddable":true,"href":"https:\/\/www.notiflashmexiquense.com.mx\/index.php?rest_route=\/wp\/v2\/users\/1"}],"replies":[{"embeddable":true,"href":"https:\/\/www.notiflashmexiquense.com.mx\/index.php?rest_route=%2Fwp%2Fv2%2Fcomments&post=7077"}],"version-history":[{"count":1,"href":"https:\/\/www.notiflashmexiquense.com.mx\/index.php?rest_route=\/wp\/v2\/posts\/7077\/revisions"}],"predecessor-version":[{"id":7079,"href":"https:\/\/www.notiflashmexiquense.com.mx\/index.php?rest_route=\/wp\/v2\/posts\/7077\/revisions\/7079"}],"wp:featuredmedia":[{"embeddable":true,"href":"https:\/\/www.notiflashmexiquense.com.mx\/index.php?rest_route=\/wp\/v2\/media\/7078"}],"wp:attachment":[{"href":"https:\/\/www.notiflashmexiquense.com.mx\/index.php?rest_route=%2Fwp%2Fv2%2Fmedia&parent=7077"}],"wp:term":[{"taxonomy":"category","embeddable":true,"href":"https:\/\/www.notiflashmexiquense.com.mx\/index.php?rest_route=%2Fwp%2Fv2%2Fcategories&post=7077"},{"taxonomy":"post_tag","embeddable":true,"href":"https:\/\/www.notiflashmexiquense.com.mx\/index.php?rest_route=%2Fwp%2Fv2%2Ftags&post=7077"}],"curies":[{"name":"wp","href":"https:\/\/api.w.org\/{rel}","templated":true}]}}