{"id":7071,"date":"2022-06-18T00:18:11","date_gmt":"2022-06-18T00:18:11","guid":{"rendered":"https:\/\/www.notiflashmexiquense.com.mx\/?p=7071"},"modified":"2022-06-18T00:18:12","modified_gmt":"2022-06-18T00:18:12","slug":"dif-acolman-y-el-ayuntamiento-reabren-ubris-en-san-martin-chipiltepec","status":"publish","type":"post","link":"https:\/\/www.notiflashmexiquense.com.mx\/?p=7071","title":{"rendered":"DIF Acolman y el ayuntamiento reabren UBRIS en San Mart\u00edn Chipiltepec"},"content":{"rendered":"\n<p>** \u00c9sta Unidad B\u00e1sica habr\u00e1 de beneficiar a cientos de acolmenses con capacidades diferentes. <\/p>\n\n\n\n<p>Acolman, M\u00e9xico a 17 de junio de 2022.- En la colonia Ampliaci\u00f3n San Marcos Chipiltepec el presidente municipal de Acolman. L.C. Rigoberto Cort\u00e9s Melgoza y el presidente honorario del Sistema Municipal DIF, C.P. Osvaldo Cort\u00e9s Contreras, llevaron a cabo la reapertura de la Unidad B\u00e1sica de Rehabilitaci\u00f3n e Integraci\u00f3n Social (UBRIS) de Acolman la cual brindar\u00e1 servicios de primer nivel de atenci\u00f3n en rehabilitaci\u00f3n, proporcionando tratamiento a padecimientos generadores de discapacidad, siempre promoviendo una mejor calidad de vida de los habitantes.<\/p>\n\n\n\n<p>En su intervenci\u00f3n, el C.P. Osvaldo Cort\u00e9s Contreras  asegur\u00f3 ser el comienzo de una etapa nueva y diferente en la que el gobierno municipal asume su compromiso y se respald\u00f3 con la famosa frase del presidente de la rep\u00fablica Andr\u00e9s Manuel L\u00f3pez Obrador, \u201cPor el bien de todos primero los m\u00e1s pobres y desprotegidos\u201d, adem\u00e1s se\u00f1al\u00f3 que el gobierno municipal cuenta con un Sistema de Salud, que nunca antes en gobiernos pasados de otros partidos no se hab\u00eda dado. <\/p>\n\n\n\n<p>\u201cRefiri\u00f3 que lo m\u00e1s importante del gobierno municipal es la salud de nuestras familias y que a pesar de que el tema de la salud no est\u00e1 en el art\u00edculo 115 Constitucional, parte de las funciones de este gobierno es visibilizar las necesidades de los acolmenses\u00bb abund\u00f3. <\/p>\n\n\n\n<p>Cabe se\u00f1a\u00f1ar de la existencia de las otras dos Unidades M\u00e9dicas que dependen del municipio ubicadas en comunidades como Real del Valle, la Cabecera municipal y, actualmente la UBRIS.<\/p>\n\n\n\n<p>Por su parte el primer mandatario acolmemse Rigoberto Cort\u00e9s Melgoza agradeci\u00f3 la presencia de los integrantes del cabildo, de autoridades auxiliares, de ejidatarios, as\u00ed como de ciudadan\u00eda en general; frente a ellos indic\u00f3 que con la reapertura de las instalaciones del UBRIS se cumple con un compromiso m\u00e1s.<\/p>\n\n\n\n<p>Se\u00f1al\u00f3 que, \u00abA causa de la pandemia, la rehabilitaci\u00f3n se fue a dos a\u00f1os, pero record\u00f3 que la cl\u00ednica se inaugur\u00f3 en el a\u00f1o de 1998, fecha en la que comenz\u00f3 a atenderse la discapacidad en el municipio; por lo que consider\u00f3 la importancia de apoyar para que los ciudadanos tengan un lugar d\u00f3nde atenderse\u00bb.<\/p>\n\n\n\n<p>\u201cHoy podemos hacer mucho por los pap\u00e1s, que adem\u00e1s de darles palabras de aliento, tienen un espacio d\u00f3nde llevar a sus hijos\u201d, dijo.<\/p>\n\n\n\n<p>Narr\u00f3 la experiencia que tuvo su menor hija y el viacrucis que como familia viveron para que recibiera rehabilitaci\u00f3n desde muy peque\u00f1a. \u201cHoy me dirijo a ustedes que entiendo lo que viven, \u00e9chenle ganas por sus hijos, ellos son el motor para impulsarnos a salir adelante\u201d dijo a los pap\u00e1s.<\/p>\n\n\n\n<p>En \u00e9ste mismo acto de reapertura se realizaron entregas de aparatos para personas con discapacidad y se hizo la presentaci\u00f3n de quienes conformar\u00e1n el equipo de especialistas que atender\u00e1n la UBRIS en un horario de 9 a 3 y de 4 a 6 de Lunes a Viernes.<\/p>\n","protected":false},"excerpt":{"rendered":"<p>** &Eacute;sta Unidad B&aacute;sica habr&aacute; de beneficiar a cientos de acolmenses con capacidades diferentes. Acolman,&#8230;<\/p>\n","protected":false},"author":1,"featured_media":7072,"comment_status":"closed","ping_status":"closed","sticky":false,"template":"","format":"standard","meta":{"footnotes":""},"categories":[15],"tags":[],"class_list":["post-7071","post","type-post","status-publish","format-standard","has-post-thumbnail","hentry","category-acolman"],"_links":{"self":[{"href":"https:\/\/www.notiflashmexiquense.com.mx\/index.php?rest_route=\/wp\/v2\/posts\/7071","targetHints":{"allow":["GET"]}}],"collection":[{"href":"https:\/\/www.notiflashmexiquense.com.mx\/index.php?rest_route=\/wp\/v2\/posts"}],"about":[{"href":"https:\/\/www.notiflashmexiquense.com.mx\/index.php?rest_route=\/wp\/v2\/types\/post"}],"author":[{"embeddable":true,"href":"https:\/\/www.notiflashmexiquense.com.mx\/index.php?rest_route=\/wp\/v2\/users\/1"}],"replies":[{"embeddable":true,"href":"https:\/\/www.notiflashmexiquense.com.mx\/index.php?rest_route=%2Fwp%2Fv2%2Fcomments&post=7071"}],"version-history":[{"count":1,"href":"https:\/\/www.notiflashmexiquense.com.mx\/index.php?rest_route=\/wp\/v2\/posts\/7071\/revisions"}],"predecessor-version":[{"id":7073,"href":"https:\/\/www.notiflashmexiquense.com.mx\/index.php?rest_route=\/wp\/v2\/posts\/7071\/revisions\/7073"}],"wp:featuredmedia":[{"embeddable":true,"href":"https:\/\/www.notiflashmexiquense.com.mx\/index.php?rest_route=\/wp\/v2\/media\/7072"}],"wp:attachment":[{"href":"https:\/\/www.notiflashmexiquense.com.mx\/index.php?rest_route=%2Fwp%2Fv2%2Fmedia&parent=7071"}],"wp:term":[{"taxonomy":"category","embeddable":true,"href":"https:\/\/www.notiflashmexiquense.com.mx\/index.php?rest_route=%2Fwp%2Fv2%2Fcategories&post=7071"},{"taxonomy":"post_tag","embeddable":true,"href":"https:\/\/www.notiflashmexiquense.com.mx\/index.php?rest_route=%2Fwp%2Fv2%2Ftags&post=7071"}],"curies":[{"name":"wp","href":"https:\/\/api.w.org\/{rel}","templated":true}]}}