{"id":7061,"date":"2022-06-17T06:08:48","date_gmt":"2022-06-17T06:08:48","guid":{"rendered":"https:\/\/www.notiflashmexiquense.com.mx\/?p=7061"},"modified":"2022-06-17T06:08:50","modified_gmt":"2022-06-17T06:08:50","slug":"estamos-listos-para-la-contienda-del-2023-eric-sevilla","status":"publish","type":"post","link":"https:\/\/www.notiflashmexiquense.com.mx\/?p=7061","title":{"rendered":"ESTAMOS LISTOS PARA LA CONTIENDA DEL 2023: ERIC SEVILLA"},"content":{"rendered":"\n<p>\u00b7\u00a0\u00a0\u00a0\u00a0\u00a0\u00a0\u00a0\u00a0*\u00a0El Estado de M\u00e9xico sigue caminando bajo el liderazgo del gobernador Alfredo del Mazo, dej\u00f3 en claro el presidente del CDE del PRI, en la toma de protesta del dirigente de Unidad Revolucionaria.<\/p>\n\n\n\n<p>Los priistas del estado de M\u00e9xico son los mejores para el activismo pol\u00edtico y se preparan en un solo frente para ganar la gubernatura y defender la patria, destac\u00f3 el presidente del Comit\u00e9 Directivo Estatal (CDE) del PRI, Eric Sevilla, ante cientos de militantes que se congregaron para la renovaci\u00f3n de la dirigencia de Unidad Revolucionaria.<\/p>\n\n\n\n<p>En la protesta estatutaria de Froyl\u00e1n Santana Gil como dirigente estatal de UR, el l\u00edder priista se\u00f1al\u00f3 que los militantes deben salir orgullosos por las calles con sus banderas porque existen motivos, \u201ctenemos m\u00e1s que ganas, hambre y emoci\u00f3n para esperar la contienda pol\u00edtica\u201d.<\/p>\n\n\n\n<p>Con la presencia de la secretaria general, Monserrath Sobreyra, el dirigente estatal exclam\u00f3: \u201c\u00a1Que se cuiden los otros!, pues qu\u00e9 esperaban que nos quedar\u00edamos cruzados de brazos, aqu\u00ed est\u00e1 el PRI y a ver qui\u00e9n nos para el pr\u00f3ximo a\u00f1o\u201d.<\/p>\n\n\n\n<p>En su mensaje, sostuvo que los valores que sustentan la ideolog\u00eda del PRI se encuentran presentes en las pol\u00edticas p\u00fablicas y programas sociales del gobernador Alfredo del Mazo.<\/p>\n\n\n\n<p>\u201cNi los desastres naturales, ni la enorme pandemia sanitaria m\u00e1s intensa que hemos enfrentado en este siglo y mucho menos el recorte presupuestal injusto que nos hicieron en las participaciones federales han parado a nuestro gobernador, el Estado sigue caminando todos los d\u00edas\u201d, asegur\u00f3 el presidente del CDE del PRI.<\/p>\n\n\n\n<p>Ante el secretario de Organizaci\u00f3n del CEN del PRI, Ricardo Aguilar, y el coordinador de los diputados federales del PRI mexiquense, Miguel S\u00e1mano, se\u00f1al\u00f3 que es claro que el pa\u00eds no puede avanzar con decisiones ocurrentes e improvisadas, \u201clas cuales en vez de resolver los problemas, terminan casi siempre agrav\u00e1ndolos\u201d.<\/p>\n\n\n\n<p>Por ello, es tiempo de difundir la verdad en contra de aquellos que ofrecieron esperanza y lo \u00fanico que provocaron es la decepci\u00f3n y la incertidumbre, \u201ces momento de cumplir nuestra responsabilidad con la historia de nuestro Estado de M\u00e9xico y nuestra patria toda\u201d.<\/p>\n\n\n\n<p>En su momento, el dirigente nacional de UR, Fausto Zamorano Esparza, afirm\u00f3 que el priismo del Estado de M\u00e9xico es el alma del partido a nivel nacional, \u201caqu\u00ed est\u00e1n los mexicanos que quieren recuperar al pa\u00eds, caminando las calles buscando la unidad en toda la Rep\u00fablica\u201d.<\/p>\n\n\n\n<p>De igual manera, Froyl\u00e1n Santana manifest\u00f3 que la militancia es la fortaleza del PRI porque \u201csomos una gran familia que tiene grandeza; hoy m\u00e1s que nunca el trabajo que hemos hecho es respetado y por lo mismo seguiremos haciendo pol\u00edtica\u201d.<\/p>\n\n\n\n<p>Al clausurar el acto estatutario, el Secretario de Organizaci\u00f3n del PRI nacional, Ricardo Aguilar, resalt\u00f3 que el PRI siempre ha tenido unidad revolucionaria con acta de nacimiento en los hechos hist\u00f3ricos m\u00e1s importantes de la vida p\u00fablica de M\u00e9xico.<\/p>\n","protected":false},"excerpt":{"rendered":"<p>&middot;&nbsp;&nbsp;&nbsp;&nbsp;&nbsp;&nbsp;&nbsp;&nbsp;*&nbsp;El Estado de M&eacute;xico sigue caminando bajo el liderazgo del gobernador Alfredo del Mazo, dej&oacute;&#8230;<\/p>\n","protected":false},"author":1,"featured_media":7062,"comment_status":"closed","ping_status":"closed","sticky":false,"template":"","format":"standard","meta":{"footnotes":""},"categories":[65],"tags":[],"class_list":["post-7061","post","type-post","status-publish","format-standard","has-post-thumbnail","hentry","category-pri-estado-de-mexico"],"_links":{"self":[{"href":"https:\/\/www.notiflashmexiquense.com.mx\/index.php?rest_route=\/wp\/v2\/posts\/7061","targetHints":{"allow":["GET"]}}],"collection":[{"href":"https:\/\/www.notiflashmexiquense.com.mx\/index.php?rest_route=\/wp\/v2\/posts"}],"about":[{"href":"https:\/\/www.notiflashmexiquense.com.mx\/index.php?rest_route=\/wp\/v2\/types\/post"}],"author":[{"embeddable":true,"href":"https:\/\/www.notiflashmexiquense.com.mx\/index.php?rest_route=\/wp\/v2\/users\/1"}],"replies":[{"embeddable":true,"href":"https:\/\/www.notiflashmexiquense.com.mx\/index.php?rest_route=%2Fwp%2Fv2%2Fcomments&post=7061"}],"version-history":[{"count":1,"href":"https:\/\/www.notiflashmexiquense.com.mx\/index.php?rest_route=\/wp\/v2\/posts\/7061\/revisions"}],"predecessor-version":[{"id":7063,"href":"https:\/\/www.notiflashmexiquense.com.mx\/index.php?rest_route=\/wp\/v2\/posts\/7061\/revisions\/7063"}],"wp:featuredmedia":[{"embeddable":true,"href":"https:\/\/www.notiflashmexiquense.com.mx\/index.php?rest_route=\/wp\/v2\/media\/7062"}],"wp:attachment":[{"href":"https:\/\/www.notiflashmexiquense.com.mx\/index.php?rest_route=%2Fwp%2Fv2%2Fmedia&parent=7061"}],"wp:term":[{"taxonomy":"category","embeddable":true,"href":"https:\/\/www.notiflashmexiquense.com.mx\/index.php?rest_route=%2Fwp%2Fv2%2Fcategories&post=7061"},{"taxonomy":"post_tag","embeddable":true,"href":"https:\/\/www.notiflashmexiquense.com.mx\/index.php?rest_route=%2Fwp%2Fv2%2Ftags&post=7061"}],"curies":[{"name":"wp","href":"https:\/\/api.w.org\/{rel}","templated":true}]}}