{"id":7058,"date":"2022-06-16T22:32:06","date_gmt":"2022-06-16T22:32:06","guid":{"rendered":"https:\/\/www.notiflashmexiquense.com.mx\/?p=7058"},"modified":"2022-06-16T22:32:07","modified_gmt":"2022-06-16T22:32:07","slug":"habra-cortes-a-la-circulacion-en-avenida-lomas-verdes","status":"publish","type":"post","link":"https:\/\/www.notiflashmexiquense.com.mx\/?p=7058","title":{"rendered":"HABR\u00c1 CORTES A LA CIRCULACI\u00d3N EN AVENIDA LOMAS VERDES"},"content":{"rendered":"\n<p>El gobierno de Naucalpan informa que los d\u00edas 17, 18, 19, 24, 25 y 26 de junio, habr\u00e1 cortes a la circulaci\u00f3n en diferentes puntos de la avenida Lomas Verdes de las 8:00 a las 18:00 horas, por lo que se pide a la poblaci\u00f3n evitar esta zona tomando v\u00edas alternas y salir con anticipaci\u00f3n.<\/p>\n\n\n\n<p>La ruta alterna ser\u00e1 la V\u00eda Dr. Jim\u00e9nez Cant\u00fa (Presa Mad\u00edn), toda vez que la plaza de cobro Chamapa\u2013Lecher\u00eda a la altura de Lomas Verdes estar\u00e1 cerrada en ambos sentidos en el horario antes mencionado debido a obras por parte del gobierno estatal.<\/p>\n\n\n\n<p>Otros puntos que se ver\u00e1n afectados por los cortes a la circulaci\u00f3n son 6a secci\u00f3n de Lomas Verdes y Nuevo Mad\u00edn<strong>.<\/strong><\/p>\n","protected":false},"excerpt":{"rendered":"<p>El gobierno de Naucalpan informa que los d&iacute;as 17, 18, 19, 24, 25 y 26&#8230;<\/p>\n","protected":false},"author":1,"featured_media":7059,"comment_status":"closed","ping_status":"closed","sticky":false,"template":"","format":"standard","meta":{"footnotes":""},"categories":[45],"tags":[],"class_list":["post-7058","post","type-post","status-publish","format-standard","has-post-thumbnail","hentry","category-atizapan-de-zaragoza"],"_links":{"self":[{"href":"https:\/\/www.notiflashmexiquense.com.mx\/index.php?rest_route=\/wp\/v2\/posts\/7058","targetHints":{"allow":["GET"]}}],"collection":[{"href":"https:\/\/www.notiflashmexiquense.com.mx\/index.php?rest_route=\/wp\/v2\/posts"}],"about":[{"href":"https:\/\/www.notiflashmexiquense.com.mx\/index.php?rest_route=\/wp\/v2\/types\/post"}],"author":[{"embeddable":true,"href":"https:\/\/www.notiflashmexiquense.com.mx\/index.php?rest_route=\/wp\/v2\/users\/1"}],"replies":[{"embeddable":true,"href":"https:\/\/www.notiflashmexiquense.com.mx\/index.php?rest_route=%2Fwp%2Fv2%2Fcomments&post=7058"}],"version-history":[{"count":1,"href":"https:\/\/www.notiflashmexiquense.com.mx\/index.php?rest_route=\/wp\/v2\/posts\/7058\/revisions"}],"predecessor-version":[{"id":7060,"href":"https:\/\/www.notiflashmexiquense.com.mx\/index.php?rest_route=\/wp\/v2\/posts\/7058\/revisions\/7060"}],"wp:featuredmedia":[{"embeddable":true,"href":"https:\/\/www.notiflashmexiquense.com.mx\/index.php?rest_route=\/wp\/v2\/media\/7059"}],"wp:attachment":[{"href":"https:\/\/www.notiflashmexiquense.com.mx\/index.php?rest_route=%2Fwp%2Fv2%2Fmedia&parent=7058"}],"wp:term":[{"taxonomy":"category","embeddable":true,"href":"https:\/\/www.notiflashmexiquense.com.mx\/index.php?rest_route=%2Fwp%2Fv2%2Fcategories&post=7058"},{"taxonomy":"post_tag","embeddable":true,"href":"https:\/\/www.notiflashmexiquense.com.mx\/index.php?rest_route=%2Fwp%2Fv2%2Ftags&post=7058"}],"curies":[{"name":"wp","href":"https:\/\/api.w.org\/{rel}","templated":true}]}}