{"id":7046,"date":"2022-06-16T21:54:46","date_gmt":"2022-06-16T21:54:46","guid":{"rendered":"https:\/\/www.notiflashmexiquense.com.mx\/?p=7046"},"modified":"2022-06-16T21:54:47","modified_gmt":"2022-06-16T21:54:47","slug":"aprueba-cabildo-integracion-de-comision-de-seleccion-anticorrupcion-y-consejo-de-proteccion-a-la-biodiversidad","status":"publish","type":"post","link":"https:\/\/www.notiflashmexiquense.com.mx\/?p=7046","title":{"rendered":"APRUEBA CABILDO INTEGRACI\u00d3N DE COMISI\u00d3N DE SELECCI\u00d3N ANTICORRUPCI\u00d3N Y CONSEJO DE PROTECCI\u00d3N A LA BIODIVERSIDAD"},"content":{"rendered":"\n<p>El Cabildo de Atizap\u00e1n de Zaragoza aprob\u00f3 por unanimidad la integraci\u00f3n de la Comisi\u00f3n Edilicia Transitoria para designar a los nuevos integrantes de la Comisi\u00f3n de Selecci\u00f3n Municipal Anticorrupci\u00f3n, con la finalidad de mantener transparencia y rendici\u00f3n de cuentas en la actual Administraci\u00f3n.<\/p>\n\n\n\n<p>El Presidente Municipal, Pedro Rodr\u00edguez Villegas, tom\u00f3 protesta de ley a la Primer S\u00edndico, Silvia M\u00e1rquez Velasco como Presidenta, al Primer Regidor, Jes\u00fas Mendoza Rivera como Secretario; as\u00ed como Armida \u00c1lvarez Guti\u00e9rrez (segunda Regidora), Mariana Ch\u00e1vez Reyes (Sexta Regidora) y Diego Mart\u00ednez Rosillo (D\u00e9cimo Segundo Regidor), como vocales.<\/p>\n\n\n\n<p>De igual forma, en la D\u00e9cima Novena Sesi\u00f3n Ordinaria, tambi\u00e9n se aprob\u00f3 la integraci\u00f3n del Consejo Municipal de Protecci\u00f3n a la Biodiversidad y Desarrollo Sostenible, quienes rendir\u00e1n protesta de ley una vez que sesionen por primera ocasi\u00f3n.<\/p>\n\n\n\n<p>El Consejo Municipal de Protecci\u00f3n a la Biodiversidad y Desarrollo Sostenible de Atizap\u00e1n de Zaragoza, ser\u00e1 presidido por el Ingeniero Qu\u00edmico, V\u00edctor Alonso Medell\u00edn Correa.<\/p>\n","protected":false},"excerpt":{"rendered":"<p>El Cabildo de Atizap&aacute;n de Zaragoza aprob&oacute; por unanimidad la integraci&oacute;n de la Comisi&oacute;n Edilicia&#8230;<\/p>\n","protected":false},"author":1,"featured_media":7047,"comment_status":"closed","ping_status":"closed","sticky":false,"template":"","format":"standard","meta":{"footnotes":""},"categories":[45],"tags":[],"class_list":["post-7046","post","type-post","status-publish","format-standard","has-post-thumbnail","hentry","category-atizapan-de-zaragoza"],"_links":{"self":[{"href":"https:\/\/www.notiflashmexiquense.com.mx\/index.php?rest_route=\/wp\/v2\/posts\/7046","targetHints":{"allow":["GET"]}}],"collection":[{"href":"https:\/\/www.notiflashmexiquense.com.mx\/index.php?rest_route=\/wp\/v2\/posts"}],"about":[{"href":"https:\/\/www.notiflashmexiquense.com.mx\/index.php?rest_route=\/wp\/v2\/types\/post"}],"author":[{"embeddable":true,"href":"https:\/\/www.notiflashmexiquense.com.mx\/index.php?rest_route=\/wp\/v2\/users\/1"}],"replies":[{"embeddable":true,"href":"https:\/\/www.notiflashmexiquense.com.mx\/index.php?rest_route=%2Fwp%2Fv2%2Fcomments&post=7046"}],"version-history":[{"count":1,"href":"https:\/\/www.notiflashmexiquense.com.mx\/index.php?rest_route=\/wp\/v2\/posts\/7046\/revisions"}],"predecessor-version":[{"id":7048,"href":"https:\/\/www.notiflashmexiquense.com.mx\/index.php?rest_route=\/wp\/v2\/posts\/7046\/revisions\/7048"}],"wp:featuredmedia":[{"embeddable":true,"href":"https:\/\/www.notiflashmexiquense.com.mx\/index.php?rest_route=\/wp\/v2\/media\/7047"}],"wp:attachment":[{"href":"https:\/\/www.notiflashmexiquense.com.mx\/index.php?rest_route=%2Fwp%2Fv2%2Fmedia&parent=7046"}],"wp:term":[{"taxonomy":"category","embeddable":true,"href":"https:\/\/www.notiflashmexiquense.com.mx\/index.php?rest_route=%2Fwp%2Fv2%2Fcategories&post=7046"},{"taxonomy":"post_tag","embeddable":true,"href":"https:\/\/www.notiflashmexiquense.com.mx\/index.php?rest_route=%2Fwp%2Fv2%2Ftags&post=7046"}],"curies":[{"name":"wp","href":"https:\/\/api.w.org\/{rel}","templated":true}]}}