{"id":7043,"date":"2022-06-16T21:49:36","date_gmt":"2022-06-16T21:49:36","guid":{"rendered":"https:\/\/www.notiflashmexiquense.com.mx\/?p=7043"},"modified":"2022-06-16T21:49:38","modified_gmt":"2022-06-16T21:49:38","slug":"el-gobierno-municipal-de-cuautitlan-izcalli-te-invita-a-festejar-el-dia-del-padre","status":"publish","type":"post","link":"https:\/\/www.notiflashmexiquense.com.mx\/?p=7043","title":{"rendered":"EL GOBIERNO MUNICIPAL DE CUAUTITL\u00c1N IZCALLI TE INVITA A FESTEJAR EL D\u00cdA DEL PADRE"},"content":{"rendered":"\n<p>Como cada a\u00f1o, cada tercer domingo de junio, conmemoramos en M\u00e9xico el D\u00eda del Padre y en el marco de esta fecha, el Gobierno Municipal que encabeza Karla Fiesco Garc\u00eda, llevar\u00e1 a cabo el evento denominado \u00abBBQ para Pap\u00e1\u00bb.<\/p>\n\n\n\n<p>La celebraci\u00f3n se llevar\u00e1 a cabo este domingo 19 de junio en la explanada del Palacio Municipal, en \u00e9l que pap\u00e1s izcallenses podr\u00e1n disfrutar de exhibici\u00f3n de autos cl\u00e1sicos, \u00e1rea de asado, rock en vivo, bazar y muchas sorpresas m\u00e1s.<\/p>\n\n\n\n<p>Te invitamos a acudir en compa\u00f1\u00eda de tu familia, en un horario de 10:00 a 17:00 horas, ven y celebramos juntos a los h\u00e9roes del hogar.<\/p>\n\n\n\n<p>No olvides seguir las medidas sanitarias para evitar un aumento de contagios por COVID-19, tales como aplicaci\u00f3n de gel antibacterial y uso obligatorio de cubrebocas.<br>\u20140\u2014<\/p>\n","protected":false},"excerpt":{"rendered":"<p>Como cada a&ntilde;o, cada tercer domingo de junio, conmemoramos en M&eacute;xico el D&iacute;a del Padre&#8230;<\/p>\n","protected":false},"author":1,"featured_media":7044,"comment_status":"closed","ping_status":"closed","sticky":false,"template":"","format":"standard","meta":{"footnotes":""},"categories":[1],"tags":[],"class_list":["post-7043","post","type-post","status-publish","format-standard","has-post-thumbnail","hentry","category-noticias"],"_links":{"self":[{"href":"https:\/\/www.notiflashmexiquense.com.mx\/index.php?rest_route=\/wp\/v2\/posts\/7043","targetHints":{"allow":["GET"]}}],"collection":[{"href":"https:\/\/www.notiflashmexiquense.com.mx\/index.php?rest_route=\/wp\/v2\/posts"}],"about":[{"href":"https:\/\/www.notiflashmexiquense.com.mx\/index.php?rest_route=\/wp\/v2\/types\/post"}],"author":[{"embeddable":true,"href":"https:\/\/www.notiflashmexiquense.com.mx\/index.php?rest_route=\/wp\/v2\/users\/1"}],"replies":[{"embeddable":true,"href":"https:\/\/www.notiflashmexiquense.com.mx\/index.php?rest_route=%2Fwp%2Fv2%2Fcomments&post=7043"}],"version-history":[{"count":1,"href":"https:\/\/www.notiflashmexiquense.com.mx\/index.php?rest_route=\/wp\/v2\/posts\/7043\/revisions"}],"predecessor-version":[{"id":7045,"href":"https:\/\/www.notiflashmexiquense.com.mx\/index.php?rest_route=\/wp\/v2\/posts\/7043\/revisions\/7045"}],"wp:featuredmedia":[{"embeddable":true,"href":"https:\/\/www.notiflashmexiquense.com.mx\/index.php?rest_route=\/wp\/v2\/media\/7044"}],"wp:attachment":[{"href":"https:\/\/www.notiflashmexiquense.com.mx\/index.php?rest_route=%2Fwp%2Fv2%2Fmedia&parent=7043"}],"wp:term":[{"taxonomy":"category","embeddable":true,"href":"https:\/\/www.notiflashmexiquense.com.mx\/index.php?rest_route=%2Fwp%2Fv2%2Fcategories&post=7043"},{"taxonomy":"post_tag","embeddable":true,"href":"https:\/\/www.notiflashmexiquense.com.mx\/index.php?rest_route=%2Fwp%2Fv2%2Ftags&post=7043"}],"curies":[{"name":"wp","href":"https:\/\/api.w.org\/{rel}","templated":true}]}}