{"id":7028,"date":"2022-06-15T22:16:59","date_gmt":"2022-06-15T22:16:59","guid":{"rendered":"https:\/\/www.notiflashmexiquense.com.mx\/?p=7028"},"modified":"2022-06-15T22:17:00","modified_gmt":"2022-06-15T22:17:00","slug":"en-edomex-se-estableceran-mesas-de-trabajo-para-reformar-la-ley-del-agua","status":"publish","type":"post","link":"https:\/\/www.notiflashmexiquense.com.mx\/?p=7028","title":{"rendered":"En Edomex se establecer\u00e1n mesas de trabajo para reformar la Ley del Agua"},"content":{"rendered":"\n<p>\uf0fc La Comisi\u00f3n Legislativa de Recursos Hidr\u00e1ulicos trabaja en redise\u00f1ar el marco jur\u00eddico en materia h\u00eddrica<\/p>\n\n\n\n<p>\uf0fc Necesario un manejo sostenible de los recursos h\u00eddricos a mediano y largo plazo<\/p>\n\n\n\n<p>Toluca, M\u00e9x, 15 se junio de 2022.- Integrantes de la Comisi\u00f3n Legislativa de Recursos Hidr\u00e1ulicos discutieron sobre la importancia de la realizaci\u00f3n de mesas de trabajo con la finalidad de reformar la Ley del Agua para el Estado de M\u00e9xico y Municipios, a fin de contribuir al redise\u00f1o de un marco jur\u00eddico eficaz, que permita la gesti\u00f3n de los recursos h\u00eddricos en la entidad federativa.<\/p>\n\n\n\n<p>En la reuni\u00f3n de trabajo de la Comisi\u00f3n que preside la diputada de Morena Beatriz Garc\u00eda Villegas, la legisladora Elba Aldana Duarte, que fungi\u00f3 cono secretaria record\u00f3 que la creciente escases del agua es uno de los principales retos para alcanzar el desarrollo sostenible.<\/p>\n\n\n\n<p>Subray\u00f3 que en el a\u00f1o 2025 si contin\u00faan los actuales patrones de consumo M\u00e9xico ser\u00e1 uno de los 25 pa\u00edses del mundo que enfrentar\u00e1 un mayor estr\u00e9s h\u00eddrico seg\u00fan el Instituto de Recursos Mundiales (WRI).<\/p>\n\n\n\n<p>La diputada de Morena detall\u00f3 que el principal uso del agua es para la actividades agr\u00edcolas, seguido del abastecimiento p\u00fablico, industria y energ\u00eda el\u00e9ctrica respectivamente.<\/p>\n\n\n\n<p>En nuestro pa\u00eds se consumen en promedio 366 litros de agua por d\u00eda perc\u00e1pita, lo que lo coloca en el 5to. puesto junto a Espa\u00f1a.<\/p>\n\n\n\n<p>Manifest\u00f3 que el cambio clim\u00e1tico ha generado graves estragos en el mundo e incluso que la Comisi\u00f3n Nacional del Agua report\u00f3 que entre los meses de abril y mayo del 2021 h\u00eddrico que al menos 80% del territorio estaba afectado en alg\u00fan grado por sequia. Estos fen\u00f3menos se agudizaron por la falta de lluvias en 2020 a\u00f1o en el que se reporto un 3% menos de precipitaci\u00f3n comparado con 2019.<\/p>\n\n\n\n<p>Asimismo reconoce la grave problem\u00e1tica del agua del pa\u00eds ya que 8 de las 13 regiones hidrol\u00f3gicas del pa\u00eds sufren este estr\u00e9s h\u00eddrico. Mientras que dos terceras partes de la poblaci\u00f3n habita en regiones donde hay menos agua y de 157 de los 653 acu\u00edferos presentan una situaci\u00f3n de sobre explotaci\u00f3n, por solo mencionar algunos datos.<\/p>\n\n\n\n<p>Tambi\u00e9n se observa la contaminaci\u00f3n de mantos acu\u00edferos por las descargas de aguas residuales y el vital liquido es cada d\u00eda mas escaso en loa acu\u00edferos por lo que se deben de perforar m\u00e1s pozos a mayor profundidad.<\/p>\n\n\n\n<p>Por todo esto, es necesario tomar medidas en el estado de M\u00e9xico, por lo que se requiere el fortalecimiento de la Ley del Agua para el Estado de M\u00e9xico y los Municipios, para el manejo sostenible de los recursos h\u00eddricos a mediano y largo plazo.<\/p>\n\n\n\n<p>A su vez la diputada Beatriz Garc\u00eda reconoci\u00f3 a sus compa\u00f1eros porque el tema del agua no ha sido politizado y se avanza en los trabajos para reforzar esta Ley.<\/p>\n\n\n\n<p>Puntualiz\u00f3 que se celebr\u00f3 un Foro del Agua y que se va a sostener una reuni\u00f3n con integrantes de la Facultad de Derecho de la UNAM, entre otras dependencias e instituciones.<\/p>\n\n\n\n<p>A la vez que se va a revisar el tema del \u00abhuachicoleo\u00bb del agua para ayudar a que no se cometan delitos en el tema del agua.<\/p>\n\n\n\n<p>Por \u00faltimo, se refrendo el compromiso de las y los diputados que integran la Comisi\u00f3n Legislativa de Recursos Hidr\u00e1ulicos para continuar trabajando para reformar la Ley del Agua.<\/p>\n","protected":false},"excerpt":{"rendered":"<p>&#61692; La Comisi&oacute;n Legislativa de Recursos Hidr&aacute;ulicos trabaja en redise&ntilde;ar el marco jur&iacute;dico en materia&#8230;<\/p>\n","protected":false},"author":1,"featured_media":7029,"comment_status":"closed","ping_status":"closed","sticky":false,"template":"","format":"standard","meta":{"footnotes":""},"categories":[42],"tags":[],"class_list":["post-7028","post","type-post","status-publish","format-standard","has-post-thumbnail","hentry","category-legislatura-mexiquense-nueva-etapa"],"_links":{"self":[{"href":"https:\/\/www.notiflashmexiquense.com.mx\/index.php?rest_route=\/wp\/v2\/posts\/7028","targetHints":{"allow":["GET"]}}],"collection":[{"href":"https:\/\/www.notiflashmexiquense.com.mx\/index.php?rest_route=\/wp\/v2\/posts"}],"about":[{"href":"https:\/\/www.notiflashmexiquense.com.mx\/index.php?rest_route=\/wp\/v2\/types\/post"}],"author":[{"embeddable":true,"href":"https:\/\/www.notiflashmexiquense.com.mx\/index.php?rest_route=\/wp\/v2\/users\/1"}],"replies":[{"embeddable":true,"href":"https:\/\/www.notiflashmexiquense.com.mx\/index.php?rest_route=%2Fwp%2Fv2%2Fcomments&post=7028"}],"version-history":[{"count":1,"href":"https:\/\/www.notiflashmexiquense.com.mx\/index.php?rest_route=\/wp\/v2\/posts\/7028\/revisions"}],"predecessor-version":[{"id":7030,"href":"https:\/\/www.notiflashmexiquense.com.mx\/index.php?rest_route=\/wp\/v2\/posts\/7028\/revisions\/7030"}],"wp:featuredmedia":[{"embeddable":true,"href":"https:\/\/www.notiflashmexiquense.com.mx\/index.php?rest_route=\/wp\/v2\/media\/7029"}],"wp:attachment":[{"href":"https:\/\/www.notiflashmexiquense.com.mx\/index.php?rest_route=%2Fwp%2Fv2%2Fmedia&parent=7028"}],"wp:term":[{"taxonomy":"category","embeddable":true,"href":"https:\/\/www.notiflashmexiquense.com.mx\/index.php?rest_route=%2Fwp%2Fv2%2Fcategories&post=7028"},{"taxonomy":"post_tag","embeddable":true,"href":"https:\/\/www.notiflashmexiquense.com.mx\/index.php?rest_route=%2Fwp%2Fv2%2Ftags&post=7028"}],"curies":[{"name":"wp","href":"https:\/\/api.w.org\/{rel}","templated":true}]}}