{"id":7025,"date":"2022-06-15T18:32:24","date_gmt":"2022-06-15T18:32:24","guid":{"rendered":"https:\/\/www.notiflashmexiquense.com.mx\/?p=7025"},"modified":"2022-06-15T18:32:25","modified_gmt":"2022-06-15T18:32:25","slug":"nemer-pudiera-buscar-la-candidatura-del-pri-a-la-gubernatura-sin-embargo-morena-va-a-ganar-hmm","status":"publish","type":"post","link":"https:\/\/www.notiflashmexiquense.com.mx\/?p=7025","title":{"rendered":"Nemer pudiera buscar la candidatura del PRI a la Gubernatura; sin embargo, Morena va a ganar: HMM"},"content":{"rendered":"\n<p>\uf0fc Por falta de resultados sali\u00f3 Nemer de la Secretar\u00eda General de Gobierno<\/p>\n\n\n\n<p>\uf0fc Morena tiene amplias posibilidades de ganar el Estado de M\u00e9xico y Coahuila en 2023<\/p>\n\n\n\n<p>Texcoco, M\u00e9x, 15 de junio del 2022.- La falta de resultados en la pol\u00edtica interior del Estado de M\u00e9xico, el hecho de que \u201cnunca quiso entrarle al tema de la seguridad de los mexiquenses\u201d y su insensibilidad ante las demandas de los mexiquenses, fue el verdadero motivo de la renuncia de Ernesto Nemer \u00c1lvarez a la Secretar\u00eda General de Gobierno del Estado de M\u00e9xico y no su b\u00fasqueda por la candidatura del PRI a la gubernatura mexiquense, se\u00f1al\u00f3 el senador Higinio Mart\u00ednez Miranda.<\/p>\n\n\n\n<p>En entrevista record\u00f3 que el gobernador Alfredo Del Mazo Maza ha tenido dos secretarios de gobierno en su administraci\u00f3n Alejandro Ozuna Rivero y Ernesto Nemer \u00c1lvarez, los cuales no han sido capaces de cumplir con su encomienda de garantizar la gobernabilidad en territorio mexiquense, prueba de ello han sido los enfrentamientos que se han registrado entre fuerzas de seguridad y presuntos grupos del crimen organizado, principalmente en el sur del Estado de M\u00e9xico. Tal como sucedi\u00f3 ayer en Texcaltitl\u00e1n.<\/p>\n\n\n\n<p>Al ser cuestionado sobre si la salida de Nemer \u00c1lvarez de la secretaria de Gobierno era una estrategia para impulsar su candidatura a la gubernatura por parte del PRI, el texcocano consider\u00f3 que existe esa posibilidad, ya que en los \u00faltimos meses sali\u00f3 del palacio de gobierno para darse \u201cba\u00f1os de pueblo\u201d al encabezar reuniones en los municipios, donde incluso bailaba batucada como en Nezahualc\u00f3yotl.<\/p>\n\n\n\n<p>Es decir, toda una estrategia de posicionamiento de su imagen; sin embargo, no se puede construir \u201cal vapor\u201d una candidatura ganadora, porque a pesar de que Nemer es un viejo pol\u00edtico mexiquense \u201cla gente tiene memoria y recuerda que la clase pol\u00edtica priistas no viaja en combi y que han sido los pol\u00edticos de izquierda como \u00e9l mismo, quienes han vivido en carne propia sus necesidades y que han caminado con ellos entre el lodo y la tierra a fin de escuchar y resolver sus demandas\u201d, dijo .<\/p>\n\n\n\n<p>Por ello, apunt\u00f3 que para el 2023 Morena va a ganar la gubernatura en el Estado de M\u00e9xico, porque la poblaci\u00f3n ya est\u00e1 cansada de la insensibilidad de los pol\u00edticos del PRI, que en los \u00faltimos a\u00f1os han sumido a cientos de miles de mexiquenses en la pobreza y la marginaci\u00f3n, ante la falta de oportunidades.<\/p>\n\n\n\n<p>Y subray\u00f3 que no es casualidad que Morena gobierne ya 22 estados del pa\u00eds, por lo que tiene amplias posibilidades de ganar el Estado de M\u00e9xico y Coahuila en 2023.<\/p>\n","protected":false},"excerpt":{"rendered":"<p>&#61692; Por falta de resultados sali&oacute; Nemer de la Secretar&iacute;a General de Gobierno &#61692; Morena&#8230;<\/p>\n","protected":false},"author":1,"featured_media":7026,"comment_status":"closed","ping_status":"closed","sticky":false,"template":"","format":"standard","meta":{"footnotes":""},"categories":[1],"tags":[],"class_list":["post-7025","post","type-post","status-publish","format-standard","has-post-thumbnail","hentry","category-noticias"],"_links":{"self":[{"href":"https:\/\/www.notiflashmexiquense.com.mx\/index.php?rest_route=\/wp\/v2\/posts\/7025","targetHints":{"allow":["GET"]}}],"collection":[{"href":"https:\/\/www.notiflashmexiquense.com.mx\/index.php?rest_route=\/wp\/v2\/posts"}],"about":[{"href":"https:\/\/www.notiflashmexiquense.com.mx\/index.php?rest_route=\/wp\/v2\/types\/post"}],"author":[{"embeddable":true,"href":"https:\/\/www.notiflashmexiquense.com.mx\/index.php?rest_route=\/wp\/v2\/users\/1"}],"replies":[{"embeddable":true,"href":"https:\/\/www.notiflashmexiquense.com.mx\/index.php?rest_route=%2Fwp%2Fv2%2Fcomments&post=7025"}],"version-history":[{"count":1,"href":"https:\/\/www.notiflashmexiquense.com.mx\/index.php?rest_route=\/wp\/v2\/posts\/7025\/revisions"}],"predecessor-version":[{"id":7027,"href":"https:\/\/www.notiflashmexiquense.com.mx\/index.php?rest_route=\/wp\/v2\/posts\/7025\/revisions\/7027"}],"wp:featuredmedia":[{"embeddable":true,"href":"https:\/\/www.notiflashmexiquense.com.mx\/index.php?rest_route=\/wp\/v2\/media\/7026"}],"wp:attachment":[{"href":"https:\/\/www.notiflashmexiquense.com.mx\/index.php?rest_route=%2Fwp%2Fv2%2Fmedia&parent=7025"}],"wp:term":[{"taxonomy":"category","embeddable":true,"href":"https:\/\/www.notiflashmexiquense.com.mx\/index.php?rest_route=%2Fwp%2Fv2%2Fcategories&post=7025"},{"taxonomy":"post_tag","embeddable":true,"href":"https:\/\/www.notiflashmexiquense.com.mx\/index.php?rest_route=%2Fwp%2Fv2%2Ftags&post=7025"}],"curies":[{"name":"wp","href":"https:\/\/api.w.org\/{rel}","templated":true}]}}