{"id":7022,"date":"2022-06-15T18:27:28","date_gmt":"2022-06-15T18:27:28","guid":{"rendered":"https:\/\/www.notiflashmexiquense.com.mx\/?p=7022"},"modified":"2022-06-15T18:27:30","modified_gmt":"2022-06-15T18:27:30","slug":"atizapan-de-zaragoza-primer-municipio-en-el-edomex-en-instalar-cabildo-juvenil","status":"publish","type":"post","link":"https:\/\/www.notiflashmexiquense.com.mx\/?p=7022","title":{"rendered":"ATIZAP\u00c1N DE ZARAGOZA, PRIMER MUNICIPIO EN EL EDOM\u00c9X EN INSTALAR CABILDO JUVENIL"},"content":{"rendered":"\n<p>El Presidente Municipal de Atizap\u00e1n de Zaragoza, Pedro Rodr\u00edguez Villegas, tom\u00f3 protesta a las y los j\u00f3venes que conforman el Cabildo Juvenil.<\/p>\n\n\n\n<p>Se trata de una mesa de an\u00e1lisis y deliberaci\u00f3n para escuchar las ideas, propuestas, inquietudes y puntos de vista de la poblaci\u00f3n estudiantil de secundaria, preparatoria y universidad, de Atizap\u00e1n de Zaragoza.<\/p>\n\n\n\n<p>Deserci\u00f3n escolar, capacitaci\u00f3n para el trabajo, violencia de g\u00e9nero, seguridad, salud mental, as\u00ed como cambio clim\u00e1tico son algunos de los t\u00f3picos que las y los atizapenses desarrollar\u00e1n en las pr\u00f3ximas sesiones de Cabildo, las cuales se celebrar\u00e1n mensualmente.<\/p>\n\n\n\n<p>En su intervenci\u00f3n, el Alcalde Pedro Rodr\u00edguez Villegas, conmin\u00f3 a los miembros del Cabildo Juvenil a involucrarse en la toma de decisiones para mejorar las condiciones de vida de los atizapenses.<\/p>\n\n\n\n<p>\u201cCelebro esta iniciativa que la Direcci\u00f3n de Educaci\u00f3n emprendi\u00f3, somos un Gobierno de puertas abiertas que da voz a todos y cada uno de los atizapenses, los invito a conocer los procesos en Gobierno y a involucrarse en la toma de decisiones.<\/p>\n\n\n\n<p>\u201cEst\u00e1n en la etapa m\u00e1s hermosa de la vida, los invito a vivir plenamente, pero con responsabilidad\u201d, indic\u00f3 Rodr\u00edguez Villegas.<\/p>\n\n\n\n<p>En la primera sesi\u00f3n, el Primer S\u00edndico Juvenil, Diego Talavera P\u00e9rez, manifest\u00f3 su preocupaci\u00f3n por la crisis h\u00eddrica que padecen algunos estados del pa\u00eds, asimismo, reconoci\u00f3 el trabajo de limpieza, saneamiento y desazolve realizado por la Administraci\u00f3n Municipal en la Presa Mad\u00edn.<\/p>\n\n\n\n<p>Finalmente, la Directora de Juventud, Brenda Mart\u00ednez Bautista, agradeci\u00f3 la participaci\u00f3n de las y los atizapenses; asimismo destac\u00f3 que Atizap\u00e1n de Zaragoza es el primer municipio del Estado de M\u00e9xico en instalar su Cabildo Juvenil.<\/p>\n","protected":false},"excerpt":{"rendered":"<p>El Presidente Municipal de Atizap&aacute;n de Zaragoza, Pedro Rodr&iacute;guez Villegas, tom&oacute; protesta a las y&#8230;<\/p>\n","protected":false},"author":1,"featured_media":7023,"comment_status":"closed","ping_status":"closed","sticky":false,"template":"","format":"standard","meta":{"footnotes":""},"categories":[45],"tags":[],"class_list":["post-7022","post","type-post","status-publish","format-standard","has-post-thumbnail","hentry","category-atizapan-de-zaragoza"],"_links":{"self":[{"href":"https:\/\/www.notiflashmexiquense.com.mx\/index.php?rest_route=\/wp\/v2\/posts\/7022","targetHints":{"allow":["GET"]}}],"collection":[{"href":"https:\/\/www.notiflashmexiquense.com.mx\/index.php?rest_route=\/wp\/v2\/posts"}],"about":[{"href":"https:\/\/www.notiflashmexiquense.com.mx\/index.php?rest_route=\/wp\/v2\/types\/post"}],"author":[{"embeddable":true,"href":"https:\/\/www.notiflashmexiquense.com.mx\/index.php?rest_route=\/wp\/v2\/users\/1"}],"replies":[{"embeddable":true,"href":"https:\/\/www.notiflashmexiquense.com.mx\/index.php?rest_route=%2Fwp%2Fv2%2Fcomments&post=7022"}],"version-history":[{"count":1,"href":"https:\/\/www.notiflashmexiquense.com.mx\/index.php?rest_route=\/wp\/v2\/posts\/7022\/revisions"}],"predecessor-version":[{"id":7024,"href":"https:\/\/www.notiflashmexiquense.com.mx\/index.php?rest_route=\/wp\/v2\/posts\/7022\/revisions\/7024"}],"wp:featuredmedia":[{"embeddable":true,"href":"https:\/\/www.notiflashmexiquense.com.mx\/index.php?rest_route=\/wp\/v2\/media\/7023"}],"wp:attachment":[{"href":"https:\/\/www.notiflashmexiquense.com.mx\/index.php?rest_route=%2Fwp%2Fv2%2Fmedia&parent=7022"}],"wp:term":[{"taxonomy":"category","embeddable":true,"href":"https:\/\/www.notiflashmexiquense.com.mx\/index.php?rest_route=%2Fwp%2Fv2%2Fcategories&post=7022"},{"taxonomy":"post_tag","embeddable":true,"href":"https:\/\/www.notiflashmexiquense.com.mx\/index.php?rest_route=%2Fwp%2Fv2%2Ftags&post=7022"}],"curies":[{"name":"wp","href":"https:\/\/api.w.org\/{rel}","templated":true}]}}