{"id":7010,"date":"2022-06-14T23:12:09","date_gmt":"2022-06-14T23:12:09","guid":{"rendered":"https:\/\/www.notiflashmexiquense.com.mx\/?p=7010"},"modified":"2022-06-14T23:12:09","modified_gmt":"2022-06-14T23:12:09","slug":"en-acolman-se-preparan-para-el-inicio-de-temporada-de-lluvias-con-un-plan-de-emergencia","status":"publish","type":"post","link":"https:\/\/www.notiflashmexiquense.com.mx\/?p=7010","title":{"rendered":"En Acolman se preparan para el inicio de temporada de lluvias con un Plan de Emergencia"},"content":{"rendered":"\n<p>Acolman, M\u00e9xico, a 14 de junio de 2022.- En el municipio de Acolman instalan el Consejo Municipal de Protecci\u00f3n Civil y al mismo tiempo se  llev\u00f3 a cabo la Segunda Sesi\u00f3n Ordinaria del Consejo Municipal de Protecci\u00f3n Civil en donde se abordaron los planes de acci\u00f3n preventiva ante la pr\u00f3xima temporada de lluvias<\/p>\n\n\n\n<p>En \u00e9sta sesi\u00f3n llevada a cabo en el interior del Palacio Municipal, estuvieron presentes el Presidente Honorario del Sistema Municipal DIF, C.P. Osvaldo Cort\u00e9s Contreras; el titular de Protecci\u00f3n Civil y Bomberos, C\u00e9sar Arturo S\u00e1nchez Valencia; director de Seguridad P\u00fablica Municipal, Lic. Omar Olvera R\u00edos, as\u00ed como directores de las diversas \u00e1reas de la administraci\u00f3n, adem\u00e1s de Autoridades Auxiliares de comunidades como Los \u00c1ngeles, Totolcingo y las Brisas.<\/p>\n\n\n\n<p>En su intervenci\u00f3n la Coordinaci\u00f3n Municipal de Protecci\u00f3n Civil anunci\u00f3 que el Servicio Meteorol\u00f3gico Nacional (SMN) y la Comisi\u00f3n Nacional del Agua, han dado a conocer el pron\u00f3stico de fen\u00f3menos naturales como ciclones en el oc\u00e9ano Pac\u00edfico y Atl\u00e1ntico que, a pesar de que no se tiene la certeza de cu\u00e1ntos y en qu\u00e9 temporalidad pudieran alcanzar y afectar al municipio de Acolman, se mantendr\u00e1 el operativo a trav\u00e9s del Consejo Municipal de Protecci\u00f3n Civil donde se acordar\u00e1n las medidas de seguridad preventivas para evitar contingencias.<\/p>\n\n\n\n<p>Dentro del orden del d\u00eda se abord\u00f3 el plan de acci\u00f3n como protocolo de actuaci\u00f3n que se activar\u00e1 ante la presencia de cualquier fen\u00f3meno natural.<\/p>\n\n\n\n<p>En \u00e9ste mismo acto se tom\u00f3 protesta a los integrantes del Consejo Municipal de Protecci\u00f3n Civil., que estar\u00e1n al pendiente ante cualquier contingencia que se pudiera presentar en el territorio Acolmense. <\/p>\n\n\n\n<p>Por su parte, Osvaldo Cort\u00e9s Contreras se\u00f1al\u00f3 que, ante la experiencia vivida en a\u00f1o anteriores con la temporada de lluvias, \u201cla importancia de la creaci\u00f3n del Comit\u00e9 es vital y, aunque el cambio clim\u00e1tico cambia constantemente, desconocemos si llover\u00e1 mucho o poco, pero debemos generar acciones preventivas para evitar inundaciones que pongan en peligro a la ciudadan\u00eda y a su patrimonio\u201d, explic\u00f3.<\/p>\n\n\n\n<p>Adem\u00e1s se refiri\u00f3 a que, aunque la mayor parte de inundaciones se concentra en el poniente del territorio municipal, donde las comunidades m\u00e1s afectadas son: Colonia Las Brisas, el Fraccionamiento Real del Valle, Colonia Los \u00c1ngeles, Tepexpan, Cuanalan, detall\u00f3 que otros de los problemas que se han presentado en los \u00faltimos a\u00f1os es la crecida y desbordamiento de R\u00edo San Juan y R\u00edo Chico.<\/p>\n\n\n\n<p>Por lo que puntualiz\u00f3 que la coordinaci\u00f3n de las diversas \u00e1reas de gobierno es necesaria y obligada, ya que prioridad la tienen los Acolmenses, finaliz\u00f3.<\/p>\n","protected":false},"excerpt":{"rendered":"<p>Acolman, M&eacute;xico, a 14 de junio de 2022.- En el municipio de Acolman instalan el&#8230;<\/p>\n","protected":false},"author":1,"featured_media":7011,"comment_status":"closed","ping_status":"closed","sticky":false,"template":"","format":"standard","meta":{"footnotes":""},"categories":[15],"tags":[],"class_list":["post-7010","post","type-post","status-publish","format-standard","has-post-thumbnail","hentry","category-acolman"],"_links":{"self":[{"href":"https:\/\/www.notiflashmexiquense.com.mx\/index.php?rest_route=\/wp\/v2\/posts\/7010","targetHints":{"allow":["GET"]}}],"collection":[{"href":"https:\/\/www.notiflashmexiquense.com.mx\/index.php?rest_route=\/wp\/v2\/posts"}],"about":[{"href":"https:\/\/www.notiflashmexiquense.com.mx\/index.php?rest_route=\/wp\/v2\/types\/post"}],"author":[{"embeddable":true,"href":"https:\/\/www.notiflashmexiquense.com.mx\/index.php?rest_route=\/wp\/v2\/users\/1"}],"replies":[{"embeddable":true,"href":"https:\/\/www.notiflashmexiquense.com.mx\/index.php?rest_route=%2Fwp%2Fv2%2Fcomments&post=7010"}],"version-history":[{"count":1,"href":"https:\/\/www.notiflashmexiquense.com.mx\/index.php?rest_route=\/wp\/v2\/posts\/7010\/revisions"}],"predecessor-version":[{"id":7012,"href":"https:\/\/www.notiflashmexiquense.com.mx\/index.php?rest_route=\/wp\/v2\/posts\/7010\/revisions\/7012"}],"wp:featuredmedia":[{"embeddable":true,"href":"https:\/\/www.notiflashmexiquense.com.mx\/index.php?rest_route=\/wp\/v2\/media\/7011"}],"wp:attachment":[{"href":"https:\/\/www.notiflashmexiquense.com.mx\/index.php?rest_route=%2Fwp%2Fv2%2Fmedia&parent=7010"}],"wp:term":[{"taxonomy":"category","embeddable":true,"href":"https:\/\/www.notiflashmexiquense.com.mx\/index.php?rest_route=%2Fwp%2Fv2%2Fcategories&post=7010"},{"taxonomy":"post_tag","embeddable":true,"href":"https:\/\/www.notiflashmexiquense.com.mx\/index.php?rest_route=%2Fwp%2Fv2%2Ftags&post=7010"}],"curies":[{"name":"wp","href":"https:\/\/api.w.org\/{rel}","templated":true}]}}