{"id":6994,"date":"2022-06-14T00:52:54","date_gmt":"2022-06-14T00:52:54","guid":{"rendered":"https:\/\/www.notiflashmexiquense.com.mx\/?p=6994"},"modified":"2022-06-14T00:52:55","modified_gmt":"2022-06-14T00:52:55","slug":"max-correa-convoco-a-expertos-para-rescatar-presa-madin","status":"publish","type":"post","link":"https:\/\/www.notiflashmexiquense.com.mx\/?p=6994","title":{"rendered":"Max Correa convoc\u00f3 a expertos para rescatar Presa Mad\u00edn"},"content":{"rendered":"\n<p>\uf0fc Maurilio Hern\u00e1ndez se\u00f1ala que todo esfuerzo por el medio ambiente es respaldo por las y los diputados<\/p>\n\n\n\n<p>\uf0fc En Foro expertos y vecinos realizan diagn\u00f3stico y plantean propuestas<\/p>\n\n\n\n<p>Toluca, M\u00e9x., 13 de junio de 2022. El diputado Max Agust\u00edn Correa Hern\u00e1ndez, presidente de la Comisi\u00f3n de Asuntos Metropolitanos del Congreso mexiquense, garantiz\u00f3 que las y los diputados locales analizar\u00e1n a profundidad cada una de las propuestas realizadas por expertos, investigadores y activistas en pro del medio ambiente, as\u00ed como de vecinos ocupados en rescatar la Cuenca de la Presa Mad\u00edn, ubicada entre Naucalpan y Atizap\u00e1n de Zaragoza que ha registrado en las \u00faltimas d\u00e9cadas un acelerado proceso de degradaci\u00f3n.<\/p>\n\n\n\n<p>Desde el sal\u00f3n Benito Ju\u00e1rez de la C\u00e1mara de Diputados y con el acompa\u00f1amiento de Maurilio Hern\u00e1ndez Gonz\u00e1lez, presidente de la Junta de Coordinaci\u00f3n Pol\u00edtica de la XLI Legislatura y coordinador del Grupo Parlamentario de Morena (GPM); Mar\u00eda del Carmen de la Rosa Mendoza, diputada por Nezahualc\u00f3yotl y presidenta de la comisi\u00f3n de Planeaci\u00f3n y Gasto P\u00fablico; as\u00ed como de legisladores de varios partidos pol\u00edticos, Max Correa, se congratul\u00f3 de que la sociedad civil organizada y representantes populares emprendan acciones concretas para preservar el medio ambiente mexiquense y en espec\u00edfico el ecosistema de la zona.<\/p>\n\n\n\n<p>Durante el desarrollo del Foro \u201cRescate de la Cuenca de la Presa Mad\u00edn\u201d, el diputado Max Correa garantiz\u00f3 que las y los diputados del GPM respaldar\u00e1n de manera contundente, v\u00eda presupuesto, el rescate de dicho cuerpo de agua que registra altos grados de contaminaci\u00f3n, prueba de ello, dijo, es la presencia de Carmen de la Rosa, legisladora clave en materia presupuestal.<\/p>\n\n\n\n<p>Al tomar la palabra, la diputada Carmen de la Rosa agradeci\u00f3 el compromiso social de ciudadanas y ciudadanos por aportar soluciones a la problem\u00e1tica registrada en la Presa Mad\u00edn, y se pronunci\u00f3 a favor de activar los mecanismos jur\u00eddicos y administrativos necesarios para impedir que se sigan desahogando aguas residuales a los canales que alimentan a la Presa e iniciar de manera simult\u00e1nea todos aquellos procesos que permitan sanear su caudal.<\/p>\n\n\n\n<p>Eduardo Espinosa Medel, Gerente Operativo de la Comisi\u00f3n de Cuenca Presa Mad\u00edn, \u00f3rgano ciudadano auxiliar del Consejo de Cuenca del Valle de M\u00e9xico, precis\u00f3 que la degradaci\u00f3n de la Presa y su entorno es multifactorial, y en ello han contribuido tanto autoridades municipales de la zona, como la estatal.<\/p>\n\n\n\n<p>Las primeras al no impedir descargas de aguas negras y residuos t\u00f3xicos que se registran todos los d\u00edas a caudales que alimentan a dicho cuerpo de agua. Y la autoridad estatal, al seguir otorgando permisos de urbanizaci\u00f3n y explotaci\u00f3n de pozos de agua para abastecer a grandes conjuntos habitacionales edificados de manera regular e irregular en la zona.<\/p>\n\n\n\n<p>Eduardo Espinosa record\u00f3 que el proyecto urbano \u201cDiamante\u201d (en Jilotzingo) fue avalado por el gobierno estatal pese a que contempla derrumbar 248 mil \u00e1rboles para edificar 20 mil casas; el argumento de los empresarios (ex funcionarios p\u00fablicos estatales) que impulsan la edificaci\u00f3n de tal n\u00famero de viviendas, subray\u00f3 el especialista, consiste en que realizar\u00e1n una plantaci\u00f3n de \u00e1rboles, en otra zona, muy superior a los que van a quitar.<\/p>\n\n\n\n<p>De consolidarse dicho proyecto urbano, sin duda afectar\u00e1 la recarga de los mantos acu\u00edferos de la regi\u00f3n, se precis\u00f3 en el Foro.<\/p>\n\n\n\n<p>Max Correa, organizador del Foro anunci\u00f3 que intensificar\u00e1 su trabajo parlamentario para impulsar cambios al marco legal relacionado con el suministro, abasto y manejo del vital l\u00edquido.<br>Record\u00f3 que el tema ha estado presente entre todos los diputados de Morena y legisladores mexiquenses en general, pues han realizado m\u00faltiples exhortos al gobernador Alfredo Del Mazo y dependencias competentes en el tema para frenar la degradaci\u00f3n de Presa Mad\u00edn, as\u00ed como de distintas \u00e1reas naturales, cuerpos de agua y bosques en general ubicados en el territorio estatal.<\/p>\n\n\n\n<p>Acot\u00f3 que el Poder Legislativo tiene amplia competencia en la asignaci\u00f3n presupuestal, no as\u00ed en la operatividad de las acciones espec\u00edficas encaminadas a rescatar la Presa Mad\u00edn, no obstante, se comprometi\u00f3 a realizar las gestiones necesarias para que el Poder Ejecutivo intervenga a la brevedad con el fin de restaurar, cuidar y mantener los cuerpos de agua y bosques, ya que s\u00f3lo de esa manera se garantiza el futuro de las pr\u00f3ximas generaciones de mexiquenses.<\/p>\n\n\n\n<p>En este sentido Maurilio Hern\u00e1ndez Gonz\u00e1lez, l\u00edder de la bancada de Morena, precis\u00f3 que en todo momento el Poder Legislativo estatal acompa\u00f1ar\u00e1 las acciones de los miembros de la Comisi\u00f3n de Cuenca de la Presa Mad\u00edn, porque su causa es justa y su misi\u00f3n es fundamental para toda la sociedad, pues consiste en cuidar y preservar el medio ambiente del Estado de M\u00e9xico, objetivo que es muy superior a cualquier inter\u00e9s privado o pol\u00edtico.<\/p>\n","protected":false},"excerpt":{"rendered":"<p>&#61692; Maurilio Hern&aacute;ndez se&ntilde;ala que todo esfuerzo por el medio ambiente es respaldo por las&#8230;<\/p>\n","protected":false},"author":1,"featured_media":6995,"comment_status":"closed","ping_status":"closed","sticky":false,"template":"","format":"standard","meta":{"footnotes":""},"categories":[42],"tags":[],"class_list":["post-6994","post","type-post","status-publish","format-standard","has-post-thumbnail","hentry","category-legislatura-mexiquense-nueva-etapa"],"_links":{"self":[{"href":"https:\/\/www.notiflashmexiquense.com.mx\/index.php?rest_route=\/wp\/v2\/posts\/6994","targetHints":{"allow":["GET"]}}],"collection":[{"href":"https:\/\/www.notiflashmexiquense.com.mx\/index.php?rest_route=\/wp\/v2\/posts"}],"about":[{"href":"https:\/\/www.notiflashmexiquense.com.mx\/index.php?rest_route=\/wp\/v2\/types\/post"}],"author":[{"embeddable":true,"href":"https:\/\/www.notiflashmexiquense.com.mx\/index.php?rest_route=\/wp\/v2\/users\/1"}],"replies":[{"embeddable":true,"href":"https:\/\/www.notiflashmexiquense.com.mx\/index.php?rest_route=%2Fwp%2Fv2%2Fcomments&post=6994"}],"version-history":[{"count":1,"href":"https:\/\/www.notiflashmexiquense.com.mx\/index.php?rest_route=\/wp\/v2\/posts\/6994\/revisions"}],"predecessor-version":[{"id":6996,"href":"https:\/\/www.notiflashmexiquense.com.mx\/index.php?rest_route=\/wp\/v2\/posts\/6994\/revisions\/6996"}],"wp:featuredmedia":[{"embeddable":true,"href":"https:\/\/www.notiflashmexiquense.com.mx\/index.php?rest_route=\/wp\/v2\/media\/6995"}],"wp:attachment":[{"href":"https:\/\/www.notiflashmexiquense.com.mx\/index.php?rest_route=%2Fwp%2Fv2%2Fmedia&parent=6994"}],"wp:term":[{"taxonomy":"category","embeddable":true,"href":"https:\/\/www.notiflashmexiquense.com.mx\/index.php?rest_route=%2Fwp%2Fv2%2Fcategories&post=6994"},{"taxonomy":"post_tag","embeddable":true,"href":"https:\/\/www.notiflashmexiquense.com.mx\/index.php?rest_route=%2Fwp%2Fv2%2Ftags&post=6994"}],"curies":[{"name":"wp","href":"https:\/\/api.w.org\/{rel}","templated":true}]}}