{"id":6981,"date":"2022-06-13T19:15:08","date_gmt":"2022-06-13T19:15:08","guid":{"rendered":"https:\/\/www.notiflashmexiquense.com.mx\/?p=6981"},"modified":"2022-06-13T19:15:09","modified_gmt":"2022-06-13T19:15:09","slug":"morena-ya-definio-sus-tiempos-electorales-para-edomex","status":"publish","type":"post","link":"https:\/\/www.notiflashmexiquense.com.mx\/?p=6981","title":{"rendered":"Morena ya defini\u00f3 sus tiempos electorales para Edomex"},"content":{"rendered":"\n<p>*En 10 d\u00edas se abre la convocatoria para seleccionar quien ser\u00e1 la o el responsable de organizar los Comit\u00e9s de Defensa de la 4T en el Estado de M\u00e9xico y Coahuila<\/p>\n\n\n\n<p>*En el Estado de M\u00e9xico a m\u00e1s tardar el 20 de julio se conocer\u00e1 el nombre de la mujer o el hombre que encabezar\u00e1 los trabajos<\/p>\n\n\n\n<p>*Importante llamado a la unidad realizado a la militancia morenista<\/p>\n\n\n\n<p>Toluca, M\u00e9x., 13 de junio de 2022. La dirigencia nacional de Morena va a emitir la Convocatoria para seleccionar quien ser\u00e1 la o el responsable de organizar los Comit\u00e9s de Defensa de la 4T en el Estado de M\u00e9xico y Coahuila, as\u00ed a que a m\u00e1s tardar el 20 de julio se dar\u00e1 a conocer el nombre de la mujer o el hombre que los habr\u00e1 de encabezar, al respecto el presidente del Consejo Pol\u00edtico Estatal de Morena, Maurilio Hern\u00e1ndez Gonz\u00e1lez se\u00f1al\u00f3 que el partido tiene los tiempos electorales y pol\u00edticos muy claros.<\/p>\n\n\n\n<p>Por otra parte, el diputado Daniel Sibaja sostuvo que, tras el evento de Unidad y Movilizaci\u00f3n para que Siga la Transformaci\u00f3n celebrado ayer en Toluca, puntualiz\u00f3 que hay que tener en claro los tiempos de Morena, en 10 d\u00edas se abre la convocatoria para registrar a las y los candidatos del Estado de M\u00e9xico, ser\u00e1n dos encuestas. Una encuesta de conocimiento a m\u00e1ximo 15 ciudadanas y ciudadanos y luego una de 5. As\u00ed, el 20 de julio se anunciar\u00e1 el candidato.<\/p>\n\n\n\n<p>A su vez, Hern\u00e1ndez Gonz\u00e1lez, indic\u00f3 que el evento encabezado por Mario Delgado, donde se cont\u00f3 con la participaci\u00f3n de la jefe de Gobierno de la CdMx, Claudia Sheimbaud, el secretario de Relaciones Exteriores Marcelo Ebrard y el secretario de Gobernaci\u00f3n Ad\u00e1n Augusto L\u00f3pez, as\u00ed como por 13 gobernadores y gobernadores electos de Morena, fue muy importante por el llamado de unidad y el anuncio de la renovaci\u00f3n de los Consejos y Comit\u00e9s de Morena, la celebraci\u00f3n de un gran Congreso Nacional en el mes de septiembre y el proceso interno para el Estado de M\u00e9xico y Coahuila<\/p>\n\n\n\n<p>El coordinador del Grupo Parlamentario de Morena en la LXI Legislatura detall\u00f3 que de manera interna en la entidad mexiquense todas aquellas y aquellos militantes, que aspiran a ser candidatos del partido se est\u00e1n moviendo libremente para presentarse con la militancia.<\/p>\n\n\n\n<p>Y puso por ejemplo que el senador Higinio Mart\u00ednez sostiene una din\u00e1mica muy intensa en el Estado de M\u00e9xico, ya que el 11 de junio celebr\u00f3 un encuentro en Texcoco del movimiento \u201cMexiquenses de Coraz\u00f3n\u201d, donde participaron 30 mil militantes de la 4T del Valle de M\u00e9xico y la Zona Oriente.<\/p>\n\n\n\n<p>Asimismo, se espera que el pr\u00f3ximo 19 de junio sostenga un encuentro masivo con militantes de Morena del Valle de Toluca y el 26 de junio encabezar\u00e1 un evento masivo con 25 mil mujeres en la Ciudad de M\u00e9xico, dijo.<\/p>\n\n\n\n<p>Por \u00faltimo, reiter\u00f3 el llamado de unidad que realiz\u00f3 la dirigencia nacional para que en 2023 se obtenga el triunfo en el Estado de M\u00e9xico y Coahuila y en el 2024 se buscar\u00e1 ganar de nueva cuenta la presidencia de la Rep\u00fablica.<\/p>\n","protected":false},"excerpt":{"rendered":"<p>*En 10 d&iacute;as se abre la convocatoria para seleccionar quien ser&aacute; la o el responsable&#8230;<\/p>\n","protected":false},"author":1,"featured_media":6982,"comment_status":"closed","ping_status":"closed","sticky":false,"template":"","format":"standard","meta":{"footnotes":""},"categories":[42],"tags":[],"class_list":["post-6981","post","type-post","status-publish","format-standard","has-post-thumbnail","hentry","category-legislatura-mexiquense-nueva-etapa"],"_links":{"self":[{"href":"https:\/\/www.notiflashmexiquense.com.mx\/index.php?rest_route=\/wp\/v2\/posts\/6981","targetHints":{"allow":["GET"]}}],"collection":[{"href":"https:\/\/www.notiflashmexiquense.com.mx\/index.php?rest_route=\/wp\/v2\/posts"}],"about":[{"href":"https:\/\/www.notiflashmexiquense.com.mx\/index.php?rest_route=\/wp\/v2\/types\/post"}],"author":[{"embeddable":true,"href":"https:\/\/www.notiflashmexiquense.com.mx\/index.php?rest_route=\/wp\/v2\/users\/1"}],"replies":[{"embeddable":true,"href":"https:\/\/www.notiflashmexiquense.com.mx\/index.php?rest_route=%2Fwp%2Fv2%2Fcomments&post=6981"}],"version-history":[{"count":1,"href":"https:\/\/www.notiflashmexiquense.com.mx\/index.php?rest_route=\/wp\/v2\/posts\/6981\/revisions"}],"predecessor-version":[{"id":6983,"href":"https:\/\/www.notiflashmexiquense.com.mx\/index.php?rest_route=\/wp\/v2\/posts\/6981\/revisions\/6983"}],"wp:featuredmedia":[{"embeddable":true,"href":"https:\/\/www.notiflashmexiquense.com.mx\/index.php?rest_route=\/wp\/v2\/media\/6982"}],"wp:attachment":[{"href":"https:\/\/www.notiflashmexiquense.com.mx\/index.php?rest_route=%2Fwp%2Fv2%2Fmedia&parent=6981"}],"wp:term":[{"taxonomy":"category","embeddable":true,"href":"https:\/\/www.notiflashmexiquense.com.mx\/index.php?rest_route=%2Fwp%2Fv2%2Fcategories&post=6981"},{"taxonomy":"post_tag","embeddable":true,"href":"https:\/\/www.notiflashmexiquense.com.mx\/index.php?rest_route=%2Fwp%2Fv2%2Ftags&post=6981"}],"curies":[{"name":"wp","href":"https:\/\/api.w.org\/{rel}","templated":true}]}}