{"id":6972,"date":"2022-06-13T00:00:40","date_gmt":"2022-06-13T00:00:40","guid":{"rendered":"https:\/\/www.notiflashmexiquense.com.mx\/?p=6972"},"modified":"2022-06-13T00:00:41","modified_gmt":"2022-06-13T00:00:41","slug":"estamos-listos-para-derrotar-al-prian-en-el-estado-de-mexico-horacio","status":"publish","type":"post","link":"https:\/\/www.notiflashmexiquense.com.mx\/?p=6972","title":{"rendered":"Estamos listos para derrotar al PRIAN en el Estado de M\u00e9xico: Horacio"},"content":{"rendered":"\n<p>TOLUCA, Estado de M\u00e9xico.- \u201cHe recorrido los 125 municipios, conozco todas las regiones del Estado de M\u00e9xico y doy testimonio de que la \u00fanica forma de ganarle a la corrupci\u00f3n es la honestidad a toda prueba. Y la honestidad no se presume, la honestidad se demuestra\u201d, afirm\u00f3 Horacio, el abogado del desafuero del Presidente L\u00f3pez Obrador, sobre la elecci\u00f3n de 2023.<\/p>\n\n\n\n<p>Horacio, quien asisti\u00f3 al evento \u201cUnidad y Movilizaci\u00f3n 2023 y 2024\u201d, en Toluca, pidi\u00f3 a las y los mexiquenses honrados y honestos sumarse al movimiento de transformaci\u00f3n \u201cque sacar\u00e1 al PRI del Estado de M\u00e9xico\u201d.<\/p>\n\n\n\n<p>\u201cMuchos nos preguntan c\u00f3mo le vamos a hacer para vencer esa clase pol\u00edtica del Estado de M\u00e9xico que durante 90 a\u00f1os ha robado. Yo les respondo: lo vamos a hacer reivindicando las acciones de nuestro presidente L\u00f3pez Obrador\u201d, asegur\u00f3 Horacio quien record\u00f3 que en 2018 dirigi\u00f3 a MORENA en el Estado de M\u00e9xico.<\/p>\n\n\n\n<p>\u201cTuve tambi\u00e9n la fortuna de haber acompa\u00f1ado permanentemente al presidente Andr\u00e9s Manuel como su abogado en el desafuero del 2005. Como su representante en el IFE del 2006. Y el mayor orgullo, haber sido el representante de Morena en el INE y recibir el documento que acredit\u00f3 el triunfo de nuestro movimiento en el 2018\u201d, coment\u00f3 Horacio tras el evento masivo en Toluca.<\/p>\n\n\n\n<p>Entre gritos de \u201c\u00a1Horacio, amigo, el pueblo est\u00e1 contigo\u201d, dijo que \u201cen junio del 2023 ganaremos el gobierno del Estado de M\u00e9xico\u201d.<\/p>\n","protected":false},"excerpt":{"rendered":"<p>TOLUCA, Estado de M&eacute;xico.- &ldquo;He recorrido los 125 municipios, conozco todas las regiones del Estado&#8230;<\/p>\n","protected":false},"author":1,"featured_media":6973,"comment_status":"closed","ping_status":"closed","sticky":false,"template":"","format":"standard","meta":{"footnotes":""},"categories":[42],"tags":[],"class_list":["post-6972","post","type-post","status-publish","format-standard","has-post-thumbnail","hentry","category-legislatura-mexiquense-nueva-etapa"],"_links":{"self":[{"href":"https:\/\/www.notiflashmexiquense.com.mx\/index.php?rest_route=\/wp\/v2\/posts\/6972","targetHints":{"allow":["GET"]}}],"collection":[{"href":"https:\/\/www.notiflashmexiquense.com.mx\/index.php?rest_route=\/wp\/v2\/posts"}],"about":[{"href":"https:\/\/www.notiflashmexiquense.com.mx\/index.php?rest_route=\/wp\/v2\/types\/post"}],"author":[{"embeddable":true,"href":"https:\/\/www.notiflashmexiquense.com.mx\/index.php?rest_route=\/wp\/v2\/users\/1"}],"replies":[{"embeddable":true,"href":"https:\/\/www.notiflashmexiquense.com.mx\/index.php?rest_route=%2Fwp%2Fv2%2Fcomments&post=6972"}],"version-history":[{"count":1,"href":"https:\/\/www.notiflashmexiquense.com.mx\/index.php?rest_route=\/wp\/v2\/posts\/6972\/revisions"}],"predecessor-version":[{"id":6974,"href":"https:\/\/www.notiflashmexiquense.com.mx\/index.php?rest_route=\/wp\/v2\/posts\/6972\/revisions\/6974"}],"wp:featuredmedia":[{"embeddable":true,"href":"https:\/\/www.notiflashmexiquense.com.mx\/index.php?rest_route=\/wp\/v2\/media\/6973"}],"wp:attachment":[{"href":"https:\/\/www.notiflashmexiquense.com.mx\/index.php?rest_route=%2Fwp%2Fv2%2Fmedia&parent=6972"}],"wp:term":[{"taxonomy":"category","embeddable":true,"href":"https:\/\/www.notiflashmexiquense.com.mx\/index.php?rest_route=%2Fwp%2Fv2%2Fcategories&post=6972"},{"taxonomy":"post_tag","embeddable":true,"href":"https:\/\/www.notiflashmexiquense.com.mx\/index.php?rest_route=%2Fwp%2Fv2%2Ftags&post=6972"}],"curies":[{"name":"wp","href":"https:\/\/api.w.org\/{rel}","templated":true}]}}