{"id":6969,"date":"2022-06-12T23:51:15","date_gmt":"2022-06-12T23:51:15","guid":{"rendered":"https:\/\/www.notiflashmexiquense.com.mx\/?p=6969"},"modified":"2022-06-12T23:51:16","modified_gmt":"2022-06-12T23:51:16","slug":"el-estado-de-mexico-aspira-a-un-cambio-profundo-y-duradero-higinio-martinez","status":"publish","type":"post","link":"https:\/\/www.notiflashmexiquense.com.mx\/?p=6969","title":{"rendered":"El Estado de M\u00e9xico aspira a un cambio profundo y duradero: Higinio Mart\u00ednez"},"content":{"rendered":"\n<p>*PRI, responsable de la pobreza y el abandono de los mexiquenses<\/p>\n\n\n\n<p>*La Dirigencia Nacional de Morena debe de elegir al mejor candidato a la gubernatura para el Estado de M\u00e9xico<\/p>\n\n\n\n<p>*Vamos por el PRI en el Estado de M\u00e9xico, vamos a repetir en la Presidencia de la Rep\u00fablica<\/p>\n\n\n\n<p>Toluca, M\u00e9x, a 12 de junio de 2022.-La insensibilidad de los gobiernos priistas ante la pobreza, la marginaci\u00f3n y la falta de oportunidades que padece la mayor parte de la poblaci\u00f3n del Estado de M\u00e9xico ser\u00e1 clave para la alternancia de gobierno en 2023, consider\u00f3 el senador Higinio Mart\u00ednez Miranda.<\/p>\n\n\n\n<p>En entrevista previa al encuentro Unidad y Movilizaci\u00f3n para que Siga la Transformaci\u00f3n, celebrado en Toluca, que convoc\u00f3 a m\u00e1s de 30 mil habitantes del Estado de M\u00e9xico y de varias entidades de la Rep\u00fablica, el fundador de Morena y uno de los principales liderazgos del partido declar\u00f3 que, a diferencia de los luchadores sociales, los funcionarios que controlan el gobierno estatal no tienen idea de la realidad que viven los habitantes del estado.<\/p>\n\n\n\n<p>\u00abLa clase pol\u00edtica priista en el Estado de M\u00e9xico no viaja en combi, no viaja en micro. No camina por las calles de Chimalhuac\u00e1n, de Ecatepec, de Ixtapaluca o de Valle de Chalco. Esa clase pol\u00edtica pri\u00edsta ignora el dolor de vivir en zonas marginadas, sin agua, sin alumbrado y sin seguridad\u201d.<\/p>\n\n\n\n<p>Y cuestion\u00f3 \u201c\u00bfQu\u00e9 puede ofrecernos el PRI, su candidata o candidato para el pr\u00f3ximo a\u00f1o, si son los principales responsables de la pobreza, del abandono en que se encuentran cientos de miles de familias mexiquenses?\u201d.<\/p>\n\n\n\n<p>Con respecto al encuentro Unidad y Movilizaci\u00f3n para que Siga la Transformaci\u00f3n, precis\u00f3 que es una demostraci\u00f3n de que el pa\u00eds esta cansado de los malos gobiernos del PRI, cuyos dirigentes se han enriquecido y sumido a miles de mexicanos en la pobreza extrema.<\/p>\n\n\n\n<p>Puntualiz\u00f3 que Morena, es el movimiento de la Esperanza, por ello conf\u00eda que el pr\u00f3ximo a\u00f1o van a ganar el Estado de M\u00e9xico y Coahuila, que son los \u00faltimos bastiones del PRI.<\/p>\n\n\n\n<p>Sin embargo, asegur\u00f3 que la Dirigencia Nacional de la 4T debe de realizar un an\u00e1lisis profundo para elegir a los mejores candidatos para ambas gubernaturas, y llam\u00f3 a la unidad de los liderazgos, para fortalecer al partido fundado por Andr\u00e9s Manuel L\u00f3pez Obrador.<\/p>\n\n\n\n<p>Record\u00f3 que con los resultados de la elecci\u00f3n del 5 de junio, Morena va a gobernar 22 estados de la Rep\u00fablica, es decir 73.8 millones de habitantes del pa\u00eds, m\u00e1s de la mitad de la poblaci\u00f3n del pa\u00eds. A la vez que cuenta con mayor\u00eda en 22 de los 32 Congresos Locales.<\/p>\n\n\n\n<p>Y concluy\u00f3 que este Movimiento \u00abes imparable\u00bb, por cierto dijo \u00abNo hay tiro, el PRI esta devastado, pues en el 2017, nos rabaron la gubernatura, y Morena solo gobernaba Texcoco, ten\u00eda 3 diputados locales; hoy Morena tiene la Presidencia de la Rep\u00fablica, con Andr\u00e9s Manuel L\u00f3pez Obrador, gobierna 22 Estados, cuenta con 29 diputados locales y 30 presidencias municipales. Y vamos a ganar el Estado de M\u00e9xico, en 2023 y en 2024 la presidencia de la Rep\u00fablica\u201d.<\/p>\n","protected":false},"excerpt":{"rendered":"<p>*PRI, responsable de la pobreza y el abandono de los mexiquenses *La Dirigencia Nacional de&#8230;<\/p>\n","protected":false},"author":1,"featured_media":6970,"comment_status":"closed","ping_status":"closed","sticky":false,"template":"","format":"standard","meta":{"footnotes":""},"categories":[1],"tags":[],"class_list":["post-6969","post","type-post","status-publish","format-standard","has-post-thumbnail","hentry","category-noticias"],"_links":{"self":[{"href":"https:\/\/www.notiflashmexiquense.com.mx\/index.php?rest_route=\/wp\/v2\/posts\/6969","targetHints":{"allow":["GET"]}}],"collection":[{"href":"https:\/\/www.notiflashmexiquense.com.mx\/index.php?rest_route=\/wp\/v2\/posts"}],"about":[{"href":"https:\/\/www.notiflashmexiquense.com.mx\/index.php?rest_route=\/wp\/v2\/types\/post"}],"author":[{"embeddable":true,"href":"https:\/\/www.notiflashmexiquense.com.mx\/index.php?rest_route=\/wp\/v2\/users\/1"}],"replies":[{"embeddable":true,"href":"https:\/\/www.notiflashmexiquense.com.mx\/index.php?rest_route=%2Fwp%2Fv2%2Fcomments&post=6969"}],"version-history":[{"count":1,"href":"https:\/\/www.notiflashmexiquense.com.mx\/index.php?rest_route=\/wp\/v2\/posts\/6969\/revisions"}],"predecessor-version":[{"id":6971,"href":"https:\/\/www.notiflashmexiquense.com.mx\/index.php?rest_route=\/wp\/v2\/posts\/6969\/revisions\/6971"}],"wp:featuredmedia":[{"embeddable":true,"href":"https:\/\/www.notiflashmexiquense.com.mx\/index.php?rest_route=\/wp\/v2\/media\/6970"}],"wp:attachment":[{"href":"https:\/\/www.notiflashmexiquense.com.mx\/index.php?rest_route=%2Fwp%2Fv2%2Fmedia&parent=6969"}],"wp:term":[{"taxonomy":"category","embeddable":true,"href":"https:\/\/www.notiflashmexiquense.com.mx\/index.php?rest_route=%2Fwp%2Fv2%2Fcategories&post=6969"},{"taxonomy":"post_tag","embeddable":true,"href":"https:\/\/www.notiflashmexiquense.com.mx\/index.php?rest_route=%2Fwp%2Fv2%2Ftags&post=6969"}],"curies":[{"name":"wp","href":"https:\/\/api.w.org\/{rel}","templated":true}]}}