{"id":6963,"date":"2022-06-12T19:35:27","date_gmt":"2022-06-12T19:35:27","guid":{"rendered":"https:\/\/www.notiflashmexiquense.com.mx\/?p=6963"},"modified":"2022-06-12T19:35:29","modified_gmt":"2022-06-12T19:35:29","slug":"entrega-pedro-rodriguez-la-avenida-jimenez-cantu","status":"publish","type":"post","link":"https:\/\/www.notiflashmexiquense.com.mx\/?p=6963","title":{"rendered":"ENTREGA PEDRO RODR\u00cdGUEZ LA AVENIDA JIM\u00c9NEZ CANT\u00da"},"content":{"rendered":"\n<p>El Presidente Municipal de Atizap\u00e1n de Zaragoza, Pedro Rodr\u00edguez Villegas, entreg\u00f3 la V\u00eda Dr. Jorge Jim\u00e9nez Cant\u00fa rehabilitada tras poco menos de un mes de trabajo.<\/p>\n\n\n\n<p>Se estima que la intervenci\u00f3n vial, reacondicionada con concreto asf\u00e1ltico, beneficiar\u00e1 a una poblaci\u00f3n de aproximadamente 182 mil 785 atizapenses, entre residentes y automovilistas que diario transitan por esa zona.<\/p>\n\n\n\n<p>\u201cSe trata de una obra que abarc\u00f3 5 mil 750 metros lineales, un \u00e1rea de 116 mil 900 metros cuadrados, se dice f\u00e1cil, pero la forma en que se realiz\u00f3, por la magnitud de la obra y el poco tiempo en que la realizamos, habla de que somos un gobierno que sabe trabajar, que sabe actuar y que cumple las promesas que hicimos\u201d, destac\u00f3 Rodr\u00edguez Villegas, acompa\u00f1ado del Director de Obras P\u00fablicas, Edgar David V\u00e1zquez Molina.<\/p>\n\n\n\n<p>Los trabajos a cargo de la Direcci\u00f3n de Obras P\u00fablicas, incluyeron un nuevo trazado y nivelaci\u00f3n, as\u00ed como fresado de la carpeta asf\u00e1ltica existente y tambi\u00e9n colocaci\u00f3n de concreto asf\u00e1ltico de 7 cent\u00edmetros, con lo que se garantiza una larga vida \u00fatil.<\/p>\n\n\n\n<p>Tambi\u00e9n se llevaron a cabo trabajos de se\u00f1alizaci\u00f3n y pintado de banquetas tanto al interior del arroyo vial como a los costados del \u00e1rea intervenida.<\/p>\n\n\n\n<p>Tras el corte de list\u00f3n y la develaci\u00f3n de una placa, acompa\u00f1ado de s\u00edndicos, regidores, directoras y directores de la Administraci\u00f3n Municipal, el Alcalde adelant\u00f3 que en los pr\u00f3ximos d\u00edas se dar\u00e1 inicio a la repavimentaci\u00f3n de la Avenida Ruiz Cortines y posteriormente se comenzar\u00e1 con el deprimido en Chiluca para agilizar la circulaci\u00f3n vial.<\/p>\n\n\n\n<p>\u201cEn estos seis meses hemos dado muestra de lo que pretende este Gobierno que quiere trascender\u201d, dijo el Presidente Municipal de Atizap\u00e1n de Zaragoza, Pedro Rodr\u00edguez Villegas.<\/p>\n\n\n\n<p>Aprovech\u00f3 la oportunidad para enviar un saludo y un agradecimiento al Gobernador del Estado de M\u00e9xico, Alfredo del Mazo por su colaboraci\u00f3n en la limpieza de la Presa Mad\u00edn y los trabajos que se llevar\u00e1n a cabo para rescatar y transformar el Parque de los Ciervos.<\/p>\n","protected":false},"excerpt":{"rendered":"<p>El Presidente Municipal de Atizap&aacute;n de Zaragoza, Pedro Rodr&iacute;guez Villegas, entreg&oacute; la V&iacute;a Dr. Jorge&#8230;<\/p>\n","protected":false},"author":1,"featured_media":6964,"comment_status":"closed","ping_status":"closed","sticky":false,"template":"","format":"standard","meta":{"footnotes":""},"categories":[45],"tags":[],"class_list":["post-6963","post","type-post","status-publish","format-standard","has-post-thumbnail","hentry","category-atizapan-de-zaragoza"],"_links":{"self":[{"href":"https:\/\/www.notiflashmexiquense.com.mx\/index.php?rest_route=\/wp\/v2\/posts\/6963","targetHints":{"allow":["GET"]}}],"collection":[{"href":"https:\/\/www.notiflashmexiquense.com.mx\/index.php?rest_route=\/wp\/v2\/posts"}],"about":[{"href":"https:\/\/www.notiflashmexiquense.com.mx\/index.php?rest_route=\/wp\/v2\/types\/post"}],"author":[{"embeddable":true,"href":"https:\/\/www.notiflashmexiquense.com.mx\/index.php?rest_route=\/wp\/v2\/users\/1"}],"replies":[{"embeddable":true,"href":"https:\/\/www.notiflashmexiquense.com.mx\/index.php?rest_route=%2Fwp%2Fv2%2Fcomments&post=6963"}],"version-history":[{"count":1,"href":"https:\/\/www.notiflashmexiquense.com.mx\/index.php?rest_route=\/wp\/v2\/posts\/6963\/revisions"}],"predecessor-version":[{"id":6965,"href":"https:\/\/www.notiflashmexiquense.com.mx\/index.php?rest_route=\/wp\/v2\/posts\/6963\/revisions\/6965"}],"wp:featuredmedia":[{"embeddable":true,"href":"https:\/\/www.notiflashmexiquense.com.mx\/index.php?rest_route=\/wp\/v2\/media\/6964"}],"wp:attachment":[{"href":"https:\/\/www.notiflashmexiquense.com.mx\/index.php?rest_route=%2Fwp%2Fv2%2Fmedia&parent=6963"}],"wp:term":[{"taxonomy":"category","embeddable":true,"href":"https:\/\/www.notiflashmexiquense.com.mx\/index.php?rest_route=%2Fwp%2Fv2%2Fcategories&post=6963"},{"taxonomy":"post_tag","embeddable":true,"href":"https:\/\/www.notiflashmexiquense.com.mx\/index.php?rest_route=%2Fwp%2Fv2%2Ftags&post=6963"}],"curies":[{"name":"wp","href":"https:\/\/api.w.org\/{rel}","templated":true}]}}