{"id":6936,"date":"2022-06-10T04:07:08","date_gmt":"2022-06-10T04:07:08","guid":{"rendered":"https:\/\/www.notiflashmexiquense.com.mx\/?p=6936"},"modified":"2022-06-10T04:07:09","modified_gmt":"2022-06-10T04:07:09","slug":"reactiva-dif-coacalco-estancias-infantiles","status":"publish","type":"post","link":"https:\/\/www.notiflashmexiquense.com.mx\/?p=6936","title":{"rendered":"REACTIVA DIF COACALCO ESTANCIAS INFANTILES"},"content":{"rendered":"\n<p>Coacalco, M\u00e9xico.- Con el objetivo de apoyar a las madres y padres trabajadores, el Gobierno local, a trav\u00e9s del DIF Municipal, reactiv\u00f3 cuatro de las cinco estancias infantiles que estuvieron cerradas en la administraci\u00f3n pasada.<br>Mar\u00eda de Lourdes Gonz\u00e1lez Ocampo, inform\u00f3 que en Coacalco hay cinco estancias infantiles; cuatro de ellas ya est\u00e1n en servicio. A la fecha tienen una matr\u00edcula de 100 ni\u00f1os y a\u00fan hay capacidad para recibir a m\u00e1s infantes, por lo que hizo un llamado a acercarse al DIF municipal para quienes requieran del servicio.<br>Se\u00f1al\u00f3, que derivado de la pandemia las estancias estuvieron cerradas, aparte la administraci\u00f3n pasada no realiz\u00f3 trabajos de mantenimiento, por lo que, en los primeros meses de gobierno, llevaron a cabo labores de limpieza, pintura y revisi\u00f3n de inventarios. Mientras tanto, la estancia de San Rafael est\u00e1 siendo rehabilitada para poder recibir a los menores coacalquenses en un espacio seguro y adecuado a sus necesidades.<br>\u201cQueremos que nuestros ni\u00f1os se desarrollen bien, en un entorno seguro, donde se les brinde atenci\u00f3n, alimentaci\u00f3n balanceada y educaci\u00f3n inicial, para que sus madres y padres vayan a trabajar tranquilos sabiendo que sus hijos se encuentran en buenas manos, ya que tambi\u00e9n contamos con todas las medidas sanitarias para la prevenci\u00f3n de COVID-19\u201d, resalt\u00f3 la presidenta del DIF.<br>Mar\u00eda de Lourdes Gonz\u00e1lez destac\u00f3 que el personal de las estancias es altamente calificado, cuentan con psic\u00f3logo y enfermera, adem\u00e1s de que un m\u00e9dico del DIF est\u00e1 asignado a estas para que, en caso de requerirse, pueda trasladarse a dar la atenci\u00f3n m\u00e9dica requerida.<br>Agreg\u00f3 que tambi\u00e9n en las estancias brindan a los peque\u00f1os dos alimentos al d\u00eda, los men\u00fas son autorizados por el DIF estatal y son elaborados de acuerdo al \u201cplato del buen comer\u201d. Y que adem\u00e1s de la estimulaci\u00f3n temprana, tambi\u00e9n reciben educaci\u00f3n f\u00edsica, art\u00edstica, acad\u00e9mica y buenos h\u00e1bitos de acuerdo a su edad.<br>Las estancias infantiles de Coacalco brindan servicio de lunes a viernes en un horario de 7:00 a 16:00 horas y se encuentran en:<br>\u2022 Pilar Laborde: avenida Dalias s\/n, casi esquina con Eje 8, colonia Villa de las Flores, tel\u00e9fono 55904 68016<br>\u2022 San Jos\u00e9: calle Santo Tom\u00e1s s\/n, esquina Clem\u00e1tides, colonia Jardines de San Jos\u00e9, tel\u00e9fono 5502 581292<br>\u2022 Rayito de Esperanza: calle Roc\u00edos, esquina Canosas s\/n, fraccionamiento Los H\u00e9roes Coacalco, 5590 999313<br>\u2022 Bosques del Valle: Bosque Central s\/n, Bosques del Valle, tel\u00e9fono 55923 65089<\/p>\n","protected":false},"excerpt":{"rendered":"<p>Coacalco, M&eacute;xico.- Con el objetivo de apoyar a las madres y padres trabajadores, el Gobierno&#8230;<\/p>\n","protected":false},"author":1,"featured_media":6937,"comment_status":"closed","ping_status":"closed","sticky":false,"template":"","format":"standard","meta":{"footnotes":""},"categories":[1],"tags":[],"class_list":["post-6936","post","type-post","status-publish","format-standard","has-post-thumbnail","hentry","category-noticias"],"_links":{"self":[{"href":"https:\/\/www.notiflashmexiquense.com.mx\/index.php?rest_route=\/wp\/v2\/posts\/6936","targetHints":{"allow":["GET"]}}],"collection":[{"href":"https:\/\/www.notiflashmexiquense.com.mx\/index.php?rest_route=\/wp\/v2\/posts"}],"about":[{"href":"https:\/\/www.notiflashmexiquense.com.mx\/index.php?rest_route=\/wp\/v2\/types\/post"}],"author":[{"embeddable":true,"href":"https:\/\/www.notiflashmexiquense.com.mx\/index.php?rest_route=\/wp\/v2\/users\/1"}],"replies":[{"embeddable":true,"href":"https:\/\/www.notiflashmexiquense.com.mx\/index.php?rest_route=%2Fwp%2Fv2%2Fcomments&post=6936"}],"version-history":[{"count":1,"href":"https:\/\/www.notiflashmexiquense.com.mx\/index.php?rest_route=\/wp\/v2\/posts\/6936\/revisions"}],"predecessor-version":[{"id":6938,"href":"https:\/\/www.notiflashmexiquense.com.mx\/index.php?rest_route=\/wp\/v2\/posts\/6936\/revisions\/6938"}],"wp:featuredmedia":[{"embeddable":true,"href":"https:\/\/www.notiflashmexiquense.com.mx\/index.php?rest_route=\/wp\/v2\/media\/6937"}],"wp:attachment":[{"href":"https:\/\/www.notiflashmexiquense.com.mx\/index.php?rest_route=%2Fwp%2Fv2%2Fmedia&parent=6936"}],"wp:term":[{"taxonomy":"category","embeddable":true,"href":"https:\/\/www.notiflashmexiquense.com.mx\/index.php?rest_route=%2Fwp%2Fv2%2Fcategories&post=6936"},{"taxonomy":"post_tag","embeddable":true,"href":"https:\/\/www.notiflashmexiquense.com.mx\/index.php?rest_route=%2Fwp%2Fv2%2Ftags&post=6936"}],"curies":[{"name":"wp","href":"https:\/\/api.w.org\/{rel}","templated":true}]}}