{"id":6926,"date":"2022-06-10T00:09:33","date_gmt":"2022-06-10T00:09:33","guid":{"rendered":"https:\/\/www.notiflashmexiquense.com.mx\/?p=6926"},"modified":"2022-06-10T00:09:33","modified_gmt":"2022-06-10T00:09:33","slug":"enrique-vargas-es-aliado-de-las-mujeres","status":"publish","type":"post","link":"https:\/\/www.notiflashmexiquense.com.mx\/?p=6926","title":{"rendered":"ENRIQUE VARGAS ES ALIADO DE LAS MUJERES"},"content":{"rendered":"\n<p>\u00fc&nbsp;&nbsp;<strong>Respaldan el trabajo legislativo de Acci\u00f3n Nacional en el Congreso local<\/strong><\/p>\n\n\n\n<p>\u00abNuestro diputado ha sido adem\u00e1s de un amigo, un impulsor y un generador de muchas de las pol\u00edticas que hoy se est\u00e1n encaminando en beneficio de las mujeres\u00bb, se\u00f1al\u00f3 Laura Ram\u00edrez, presidenta del colectivo Empoderadas y Valientes en el Estado de M\u00e9xico, durante el encuentro regional con integrantes de dicho colectivo en Temoaya.<\/p>\n\n\n\n<p>Cientos de mujeres se dieron cita para dialogar con el coordinador parlamentario de Acci\u00f3n Nacional en la LXI Legislatura del Estado de M\u00e9xico, Enrique Vargas del Villar, a quien le plantearon sus necesidades e ideas para tener una vida mejor.<\/p>\n\n\n\n<p>La l\u00edder estatal de Empoderadas y Valientes, resalt\u00f3 que Enrique Vargas, es un aliado permanente de las mujeres y as\u00ed se confirma con las acciones que desde hace muchos a\u00f1os ha impulsado a favor de este sector de la poblaci\u00f3n.<\/p>\n\n\n\n<p>Durante este encuentro el diputado de Acci\u00f3n Nacional, se comprometi\u00f3 a seguir trabajando por las mujeres y record\u00f3 que ya se han sacado iniciativas favorables para las mujeres.<\/p>\n\n\n\n<p>Antes, el coordinador nacional de los Diputados Locales del PAN, se reuni\u00f3 con liderazgos sociales de Ixtlahuaca y Temoaya, quienes expusieron las necesidades que tienen en sus comunidades luego del abandono que han tenido por la falta de apoyos al campo, salud y conservaci\u00f3n de sus tradiciones.<\/p>\n\n\n\n<p>En distintas reuniones con habitantes de los municipios de Ixtlahuaca, Temoaya, Otzolotepec y Almoloya de Ju\u00e1rez, las y los asistentes manifestaron su respaldo al trabajo legislativo de Acci\u00f3n Nacional y del coordinador parlamentario, Enrique Vargas del Villar.<\/p>\n","protected":false},"excerpt":{"rendered":"<p>&uuml;&nbsp;&nbsp;Respaldan el trabajo legislativo de Acci&oacute;n Nacional en el Congreso local &laquo;Nuestro diputado ha sido&#8230;<\/p>\n","protected":false},"author":1,"featured_media":6927,"comment_status":"closed","ping_status":"closed","sticky":false,"template":"","format":"standard","meta":{"footnotes":""},"categories":[1],"tags":[],"class_list":["post-6926","post","type-post","status-publish","format-standard","has-post-thumbnail","hentry","category-noticias"],"_links":{"self":[{"href":"https:\/\/www.notiflashmexiquense.com.mx\/index.php?rest_route=\/wp\/v2\/posts\/6926","targetHints":{"allow":["GET"]}}],"collection":[{"href":"https:\/\/www.notiflashmexiquense.com.mx\/index.php?rest_route=\/wp\/v2\/posts"}],"about":[{"href":"https:\/\/www.notiflashmexiquense.com.mx\/index.php?rest_route=\/wp\/v2\/types\/post"}],"author":[{"embeddable":true,"href":"https:\/\/www.notiflashmexiquense.com.mx\/index.php?rest_route=\/wp\/v2\/users\/1"}],"replies":[{"embeddable":true,"href":"https:\/\/www.notiflashmexiquense.com.mx\/index.php?rest_route=%2Fwp%2Fv2%2Fcomments&post=6926"}],"version-history":[{"count":1,"href":"https:\/\/www.notiflashmexiquense.com.mx\/index.php?rest_route=\/wp\/v2\/posts\/6926\/revisions"}],"predecessor-version":[{"id":6928,"href":"https:\/\/www.notiflashmexiquense.com.mx\/index.php?rest_route=\/wp\/v2\/posts\/6926\/revisions\/6928"}],"wp:featuredmedia":[{"embeddable":true,"href":"https:\/\/www.notiflashmexiquense.com.mx\/index.php?rest_route=\/wp\/v2\/media\/6927"}],"wp:attachment":[{"href":"https:\/\/www.notiflashmexiquense.com.mx\/index.php?rest_route=%2Fwp%2Fv2%2Fmedia&parent=6926"}],"wp:term":[{"taxonomy":"category","embeddable":true,"href":"https:\/\/www.notiflashmexiquense.com.mx\/index.php?rest_route=%2Fwp%2Fv2%2Fcategories&post=6926"},{"taxonomy":"post_tag","embeddable":true,"href":"https:\/\/www.notiflashmexiquense.com.mx\/index.php?rest_route=%2Fwp%2Fv2%2Ftags&post=6926"}],"curies":[{"name":"wp","href":"https:\/\/api.w.org\/{rel}","templated":true}]}}