{"id":6923,"date":"2022-06-09T23:55:08","date_gmt":"2022-06-09T23:55:08","guid":{"rendered":"https:\/\/www.notiflashmexiquense.com.mx\/?p=6923"},"modified":"2022-06-09T23:55:09","modified_gmt":"2022-06-09T23:55:09","slug":"policias-municipales-de-acolman-son-reconocidos-con-estimulos-economicos","status":"publish","type":"post","link":"https:\/\/www.notiflashmexiquense.com.mx\/?p=6923","title":{"rendered":"Polic\u00edas municipales de Acolman son reconocidos con est\u00edmulos econ\u00f3micos"},"content":{"rendered":"\n<p>Acolman. M\u00e9xico, 9 de junio de 2022.- Con la finalidad de reconocer a polic\u00edas municipales de \u00e9ste ayuntamiento, por su actuaci\u00f3n y desempe\u00f1o en la corporaci\u00f3n, brindando seguridad y compromiso con los Acolmenses, el presidente municipal, L.C. Rigoberto Cort\u00e9s Melgoza, a trav\u00e9s del cabildo, autoriz\u00f3 la entrega de est\u00edmulos econ\u00f3micos a los elementos policiacos. <\/p>\n\n\n\n<p>Por lo conducente, aclar\u00f3 que su gobierno tiene la firme intenci\u00f3n de incentivar el buen desempe\u00f1o de los uniformados policiales y que lo anterior incida en mejorar la seguridad para la ciudadan\u00eda.<\/p>\n\n\n\n<p>El edil reconoci\u00f3 que los uniformados galardonados, ponen en riesgo sus propias vidas al realizar las detenciones, puestas a disposici\u00f3n, recuperaci\u00f3n de unidades y mercanc\u00eda, por eso los vamos incentivar\u00bb, dijo el alcalde. <\/p>\n\n\n\n<p>\u00c9sto se di\u00f3 gracias al aseguramiento de cinco personas que viajaban a bordo de una unidad con reporte de robo donde, al comprobarse su identidad, result\u00f3 que tres de los asegurados ya contaban con antecedente y con \u00f3rden de aprehensi\u00f3n activa por el delito de robo con violencia.<\/p>\n\n\n\n<p>Bajo este orden de ideas, de acuerdo con el director de Seguridad P\u00fablica municipal, Omar Olvera R\u00edos, mencion\u00f3 que se han reducido las solicitudes de apoyo de Guardia Nacional, para el combate del \u00abguachicol\u00bb.<\/p>\n\n\n\n<p>Tanto para el mun\u00edcipe como para el comisario de seguridad, el monitoreo que se realiza en el C2 del municipio de Acolman, ha sido pieza clave para el aseguramiento de presuntos c\u00f3mplices, pr\u00e1cticamente momentos despu\u00e9s de haber cometido el presunto hecho delictivo.<\/p>\n","protected":false},"excerpt":{"rendered":"<p>Acolman. M&eacute;xico, 9 de junio de 2022.- Con la finalidad de reconocer a polic&iacute;as municipales&#8230;<\/p>\n","protected":false},"author":1,"featured_media":6924,"comment_status":"closed","ping_status":"closed","sticky":false,"template":"","format":"standard","meta":{"footnotes":""},"categories":[15],"tags":[],"class_list":["post-6923","post","type-post","status-publish","format-standard","has-post-thumbnail","hentry","category-acolman"],"_links":{"self":[{"href":"https:\/\/www.notiflashmexiquense.com.mx\/index.php?rest_route=\/wp\/v2\/posts\/6923","targetHints":{"allow":["GET"]}}],"collection":[{"href":"https:\/\/www.notiflashmexiquense.com.mx\/index.php?rest_route=\/wp\/v2\/posts"}],"about":[{"href":"https:\/\/www.notiflashmexiquense.com.mx\/index.php?rest_route=\/wp\/v2\/types\/post"}],"author":[{"embeddable":true,"href":"https:\/\/www.notiflashmexiquense.com.mx\/index.php?rest_route=\/wp\/v2\/users\/1"}],"replies":[{"embeddable":true,"href":"https:\/\/www.notiflashmexiquense.com.mx\/index.php?rest_route=%2Fwp%2Fv2%2Fcomments&post=6923"}],"version-history":[{"count":1,"href":"https:\/\/www.notiflashmexiquense.com.mx\/index.php?rest_route=\/wp\/v2\/posts\/6923\/revisions"}],"predecessor-version":[{"id":6925,"href":"https:\/\/www.notiflashmexiquense.com.mx\/index.php?rest_route=\/wp\/v2\/posts\/6923\/revisions\/6925"}],"wp:featuredmedia":[{"embeddable":true,"href":"https:\/\/www.notiflashmexiquense.com.mx\/index.php?rest_route=\/wp\/v2\/media\/6924"}],"wp:attachment":[{"href":"https:\/\/www.notiflashmexiquense.com.mx\/index.php?rest_route=%2Fwp%2Fv2%2Fmedia&parent=6923"}],"wp:term":[{"taxonomy":"category","embeddable":true,"href":"https:\/\/www.notiflashmexiquense.com.mx\/index.php?rest_route=%2Fwp%2Fv2%2Fcategories&post=6923"},{"taxonomy":"post_tag","embeddable":true,"href":"https:\/\/www.notiflashmexiquense.com.mx\/index.php?rest_route=%2Fwp%2Fv2%2Ftags&post=6923"}],"curies":[{"name":"wp","href":"https:\/\/api.w.org\/{rel}","templated":true}]}}