{"id":6911,"date":"2022-06-09T22:59:59","date_gmt":"2022-06-09T22:59:59","guid":{"rendered":"https:\/\/www.notiflashmexiquense.com.mx\/?p=6911"},"modified":"2022-06-09T23:00:00","modified_gmt":"2022-06-09T23:00:00","slug":"rinden-homenaje-postumo-a-companeros-periodistas-fallecidos","status":"publish","type":"post","link":"https:\/\/www.notiflashmexiquense.com.mx\/?p=6911","title":{"rendered":"RINDEN HOMENAJE P\u00d3STUMO A COMPA\u00d1EROS PERIODISTAS FALLECIDOS"},"content":{"rendered":"\n<p>Redacci\u00f3n: XPonencial<\/p>\n\n\n\n<p>En el marco del D\u00eda de la Libertad de Expresi\u00f3n periodistas de Valle de Chalco brindaron un Homenaje In Memoriam a sus pares que Ya no est\u00e1n, en compa\u00f1\u00eda de familiares e integrantes de la clase pol\u00edtica.<\/p>\n\n\n\n<p>En el evento se subray\u00f3 que este 7 de junio \u201cNo hay nada que celebrar\u201d, porque en este pa\u00eds el Estado no ha hecho justicia al gremio period\u00edstico, ya que en lo que va del a\u00f1o han sido asesinados 11 periodistas, por lo que M\u00e9xico se ha convertido en el pa\u00eds m\u00e1s peligroso para ejercer esta profesi\u00f3n. Mientras que, en la entidad mexiquense, el gremio luch\u00f3 por hacer realidad la Ley para la Protecci\u00f3n Integral de Periodistas y Personas Defensoras de los Derechos Humanos del Estado de M\u00e9xico.<\/p>\n\n\n\n<p>Mart\u00edn Y\u00e9pez, uno de los organizadores del homenaje p\u00f3stumo a periodistas se\u00f1al\u00f3 \u201cA nosotros nadie nos lo cont\u00f3, nosotros lo vivimos, estuvimos ah\u00ed mucho antes del principio de Valle de Chalco como municipio libre 122, los medios informativos que nos forjamos aqu\u00ed no somos entes aislados en la fundaci\u00f3n de esta nueva sociedad, fuimos testigos presenciales de los hechos, los documentamos, los publicamos y durante m\u00e1s de 27 a\u00f1os lo seguimos haciendo\u201d.<br>Mientras que la periodista Josefina Nava Salazar, record\u00f3 \u201cNadie muere mientras permanece vivo en el coraz\u00f3n de alguien\u2026\u201d, tras lo que nombr\u00f3 a cada uno de los compa\u00f1eros que trascendieron, tales como Joel Cruz Torres de Par\u00e9ntesis, Gregorio Manr\u00edquez Hern\u00e1ndez del Heraldo Estado de M\u00e9xico y Jes\u00fas Vargas Guzm\u00e1n del Diario Amanecer, quien fue uno de los primeros periodistas que cubri\u00f3 la nota roja en esta regi\u00f3n.<br>As\u00ed, como Claudia Garc\u00eda Fragoso de Expediente, Alfredo G\u00f3mez de Tiempos de Alianza; Jos\u00e9 Manuel Alfaro de A Plena Luz, quien fue uno de los pioneros en el municipio 122; Erick Gayt\u00e1n Islas, extraordinario dise\u00f1ador que le gust\u00f3 tanto el periodismo que cre\u00f3 Vox Populi, Amadeo C\u00e9sar Gayt\u00e1n del Pregonero del Puente Rojo, Ad\u00e1n Ch\u00e1vez de La Nueva Posta y Mario Jim\u00e9nez Mart\u00ednez quien trabaj\u00f3 en el Resplandor y fue coordinador de Comunicaci\u00f3n Social.<br>Tambi\u00e9n record\u00f3 a Alfredo Cipr\u00e9s de Voz de la Verdad; Aurelio Mart\u00ednez de La Noticia en Auge; H\u00e9ctor Herrera Galindo de El Mundo en la Tribuna; Pedro Villegas de Panorama de Noticias; Arnulfo Le\u00f3n Pineda de Columna Nacional; Alejandro Cruz Silva de ABC Radio; Juan Ulises Hern\u00e1ndez, quien en el peri\u00f3dico El Universal public\u00f3 las primeras cr\u00f3nicas de lo que alguna vez fuera conocido como el asentamiento humano irregular m\u00e1s grande de Am\u00e9rica Latina\u201d, que posteriormente dio lugar a Valle de Chalco Solidaridad.<\/p>\n\n\n\n<p>Tambi\u00e9n a Federico Zavalza Ram\u00edrez de Las Noticias de \u00daltima Hora; Reynaldo Gonz\u00e1lez Santos (Piter) de Circuito Informativo; Ismael Euroza Calzada de La Alarma; Jes\u00fas Esquivel Gonz\u00e1lez de El Nacional; Hugo S\u00e1nchez Olivera de El Regional, Jorge Rubio S\u00e1nchez de El Diario del Estado de M\u00e9xico; Carlos D\u00edaz Nu\u00f1o de La Prensa; Felipe Cruz Garc\u00eda de Ovaciones y a Javier Mu\u00f1oz Flores de El Universal\u00bb.<br>A su vez, Ricardo Espejel, quien fue el primer director de comunicaci\u00f3n social en Valle de Chalco, asegur\u00f3 que un d\u00eda como hoy 7 de junio pero del a\u00f1o 1996, fue inaugurada la Plazoleta de la Libertad de Expresi\u00f3n, por el presidente municipal, Felipe Medina Santos y por los integrantes del primer Ayuntamiento 1994-1996 hace ya 26 a\u00f1os.<br>Por su parte, la diputada Yesica Rojas, reconoci\u00f3 la labor de las y los periodistas de Valle de Chalco; a su vez el diputado federal Luis Enrique Mart\u00ednez Ventura destac\u00f3 la importancia del trabajo de los comunicadores en la historia del municipio 122 y el ex presidente municipal Jes\u00fas S\u00e1nchez Isidoro record\u00f3 a algunos de los periodistas que se adelantaron en el camino.<br>Tambi\u00e9n, participaron l\u00edderes como el 5to. Regidor Marcos Vilchis, Eduardo D\u00edaz del Partido Verde Ecologista de M\u00e9xico (PVEM) y Armando Galarza fundador del PRD en el municipio, entre otros.<br>Al finalizar el evento se celebr\u00f3 una misa en la Catedral Juan Diego a donde acudi\u00f3 el presidente municipal Armando Garc\u00eda M\u00e9ndez.<\/p>\n","protected":false},"excerpt":{"rendered":"<p>Redacci&oacute;n: XPonencial En el marco del D&iacute;a de la Libertad de Expresi&oacute;n periodistas de Valle&#8230;<\/p>\n","protected":false},"author":1,"featured_media":6912,"comment_status":"closed","ping_status":"closed","sticky":false,"template":"","format":"standard","meta":{"footnotes":""},"categories":[1],"tags":[],"class_list":["post-6911","post","type-post","status-publish","format-standard","has-post-thumbnail","hentry","category-noticias"],"_links":{"self":[{"href":"https:\/\/www.notiflashmexiquense.com.mx\/index.php?rest_route=\/wp\/v2\/posts\/6911","targetHints":{"allow":["GET"]}}],"collection":[{"href":"https:\/\/www.notiflashmexiquense.com.mx\/index.php?rest_route=\/wp\/v2\/posts"}],"about":[{"href":"https:\/\/www.notiflashmexiquense.com.mx\/index.php?rest_route=\/wp\/v2\/types\/post"}],"author":[{"embeddable":true,"href":"https:\/\/www.notiflashmexiquense.com.mx\/index.php?rest_route=\/wp\/v2\/users\/1"}],"replies":[{"embeddable":true,"href":"https:\/\/www.notiflashmexiquense.com.mx\/index.php?rest_route=%2Fwp%2Fv2%2Fcomments&post=6911"}],"version-history":[{"count":1,"href":"https:\/\/www.notiflashmexiquense.com.mx\/index.php?rest_route=\/wp\/v2\/posts\/6911\/revisions"}],"predecessor-version":[{"id":6913,"href":"https:\/\/www.notiflashmexiquense.com.mx\/index.php?rest_route=\/wp\/v2\/posts\/6911\/revisions\/6913"}],"wp:featuredmedia":[{"embeddable":true,"href":"https:\/\/www.notiflashmexiquense.com.mx\/index.php?rest_route=\/wp\/v2\/media\/6912"}],"wp:attachment":[{"href":"https:\/\/www.notiflashmexiquense.com.mx\/index.php?rest_route=%2Fwp%2Fv2%2Fmedia&parent=6911"}],"wp:term":[{"taxonomy":"category","embeddable":true,"href":"https:\/\/www.notiflashmexiquense.com.mx\/index.php?rest_route=%2Fwp%2Fv2%2Fcategories&post=6911"},{"taxonomy":"post_tag","embeddable":true,"href":"https:\/\/www.notiflashmexiquense.com.mx\/index.php?rest_route=%2Fwp%2Fv2%2Ftags&post=6911"}],"curies":[{"name":"wp","href":"https:\/\/api.w.org\/{rel}","templated":true}]}}