{"id":6827,"date":"2022-06-08T20:00:28","date_gmt":"2022-06-08T20:00:28","guid":{"rendered":"https:\/\/www.notiflashmexiquense.com.mx\/?p=6827"},"modified":"2022-06-08T21:46:18","modified_gmt":"2022-06-08T21:46:18","slug":"mas-luz-mas-seguridad-para-cuautitlan-izcalli-karla-fiesco","status":"publish","type":"post","link":"https:\/\/www.notiflashmexiquense.com.mx\/?p=6827","title":{"rendered":"M\u00c1S LUZ, M\u00c1S SEGURIDAD PARA CUAUTITL\u00c1N IZCALLI: KARLA FIESCO"},"content":{"rendered":"\n<p><em>-Se colocar\u00e1n 10 mil luminarias en Cuautitl\u00e1n Izcalli<\/em><br><em>-Se invertir\u00e1n 20 millones de pesos en luminarias con tecnolog\u00eda de primer nivel<\/em><\/p>\n\n\n\n<p>Con el objetivo de brindar a la ciudadan\u00eda de calles m\u00e1s seguras e iluminadas, el Gobierno Municipal que encabeza Karla Leticia Fiesco Garc\u00eda, inici\u00f3 el Programa de Alumbrado P\u00fablico \u201cM\u00e1s Luz, M\u00e1s Seguridad\u201d en cuatro importantes comunidades.<\/p>\n\n\n\n<p>La tarde de este martes, 600 luminarias se empezaron a sustituir beneficiando a m\u00e1s de nueve mil izcallenses de la Unidad Infonavit Norte, San Mateo Ixtacalco, Santa Mar\u00eda Guadalupe Las Torres 2\u00aa Secci\u00f3n y Hacienda del Parque 2\u00aa Secci\u00f3n.<\/p>\n\n\n\n<p>La presidenta municipal, Karla Fiesco, se\u00f1al\u00f3 que una de las prioridades de su gobierno es la seguridad y por ello este programa que hoy se implementa busca iluminar todo el municipio a fin de que las y los ciudadanos puedan caminar de manera tranquila.<\/p>\n\n\n\n<p>Cabe destacar que \u201cM\u00e1s Luz, M\u00e1s Seguridad\u201d consta de dotar a los izcallenses de 10 mil luminarias alrededor del municipio en este a\u00f1o, con una inversi\u00f3n de 20 millones de pesos.<\/p>\n\n\n\n<p>El director de Servicios P\u00fablicos, Carlos Sald\u00edvar Gonz\u00e1lez, destac\u00f3 que las luminarias que se colocar\u00e1n a lo largo del municipio cuentan con nueva tecnolog\u00eda y alumbrar\u00e1n m\u00e1s las calles y avenidas.<\/p>\n\n\n\n<p>Al arranque tambi\u00e9n asistieron el primer s\u00edndico, Arturo Javier Del Moral Castro; la primera regidora, Ernestina Alejandra Esquivel Corchado; la tercera regidora, Stephany Moreno Rojas; el cuarto regidor, Dar\u00edo Arregu\u00edn G\u00f3mez; la quinta regidora, Silvia Yaremi Nava; el sexto regidor, Jos\u00e9 Antonio Luna Flores; la s\u00e9ptima regidora, Yareni Marcela Trejo Antonio; la d\u00e9cimo primera regidora, Adali Magali Mu\u00f1oz Zapata; el d\u00e9cimo segundo regidor, Fernando Garc\u00eda Cruz; as\u00ed como autoridades auxiliares de las comunidades.<br>\u20140\u2014<\/p>\n","protected":false},"excerpt":{"rendered":"<p>-Se colocar&aacute;n 10 mil luminarias en Cuautitl&aacute;n Izcalli-Se invertir&aacute;n 20 millones de pesos en luminarias&#8230;<\/p>\n","protected":false},"author":1,"featured_media":6828,"comment_status":"closed","ping_status":"closed","sticky":false,"template":"","format":"standard","meta":{"footnotes":""},"categories":[1],"tags":[],"class_list":["post-6827","post","type-post","status-publish","format-standard","has-post-thumbnail","hentry","category-noticias"],"_links":{"self":[{"href":"https:\/\/www.notiflashmexiquense.com.mx\/index.php?rest_route=\/wp\/v2\/posts\/6827","targetHints":{"allow":["GET"]}}],"collection":[{"href":"https:\/\/www.notiflashmexiquense.com.mx\/index.php?rest_route=\/wp\/v2\/posts"}],"about":[{"href":"https:\/\/www.notiflashmexiquense.com.mx\/index.php?rest_route=\/wp\/v2\/types\/post"}],"author":[{"embeddable":true,"href":"https:\/\/www.notiflashmexiquense.com.mx\/index.php?rest_route=\/wp\/v2\/users\/1"}],"replies":[{"embeddable":true,"href":"https:\/\/www.notiflashmexiquense.com.mx\/index.php?rest_route=%2Fwp%2Fv2%2Fcomments&post=6827"}],"version-history":[{"count":1,"href":"https:\/\/www.notiflashmexiquense.com.mx\/index.php?rest_route=\/wp\/v2\/posts\/6827\/revisions"}],"predecessor-version":[{"id":6829,"href":"https:\/\/www.notiflashmexiquense.com.mx\/index.php?rest_route=\/wp\/v2\/posts\/6827\/revisions\/6829"}],"wp:featuredmedia":[{"embeddable":true,"href":"https:\/\/www.notiflashmexiquense.com.mx\/index.php?rest_route=\/wp\/v2\/media\/6828"}],"wp:attachment":[{"href":"https:\/\/www.notiflashmexiquense.com.mx\/index.php?rest_route=%2Fwp%2Fv2%2Fmedia&parent=6827"}],"wp:term":[{"taxonomy":"category","embeddable":true,"href":"https:\/\/www.notiflashmexiquense.com.mx\/index.php?rest_route=%2Fwp%2Fv2%2Fcategories&post=6827"},{"taxonomy":"post_tag","embeddable":true,"href":"https:\/\/www.notiflashmexiquense.com.mx\/index.php?rest_route=%2Fwp%2Fv2%2Ftags&post=6827"}],"curies":[{"name":"wp","href":"https:\/\/api.w.org\/{rel}","templated":true}]}}