{"id":6772,"date":"2022-06-07T22:01:43","date_gmt":"2022-06-07T22:01:43","guid":{"rendered":"https:\/\/www.notiflashmexiquense.com.mx\/?p=6772"},"modified":"2022-06-07T22:01:44","modified_gmt":"2022-06-07T22:01:44","slug":"cuautitlan-izcalli-sera-sede-regional-para-la-vacunacion-de-rezagados","status":"publish","type":"post","link":"https:\/\/www.notiflashmexiquense.com.mx\/?p=6772","title":{"rendered":"CUAUTITL\u00c1N IZCALLI SER\u00c1 SEDE REGIONAL PARA LA VACUNACI\u00d3N DE REZAGADOS"},"content":{"rendered":"\n<p>_ &#8211; Se aplicar\u00e1 primera dosis a rezagados mayores de 18 a\u00f1os_<br>_ &#8211; Tambi\u00e9n podr\u00e1n ser inmunizadas mujeres embarazadas a partir de los 12 a\u00f1os_<\/p>\n\n\n\n<p>Para seguir impulsando la vacunaci\u00f3n contra COVID-19 en la poblaci\u00f3n mexiquense, el pr\u00f3ximo viernes 10 de junio el Auditorio Enrique B\u00e1tiz ser\u00e1 sede regional para la inmunizaci\u00f3n con el biol\u00f3gico Pfizer a personas mayores de 18 a\u00f1os y mujeres embarazadas con 12 a\u00f1os o m\u00e1s.<\/p>\n\n\n\n<p>A lo largo de la entidad se instalar\u00e1n 35 m\u00f3dulos regionales, siendo Izcalli uno de ellos y abriendo sus puertas en un horario de 9:00 am a 4:00 pm.<\/p>\n\n\n\n<p>Para poder recibir la inmunizaci\u00f3n, los ciudadanos deber\u00e1n registrarse en el sitio mivacuna.salud.gob.mx, descargar, imprimir y llenar su expediente de vacunaci\u00f3n, posteriormente acudir a la sede habilitada presentando identificaci\u00f3n oficial y comprobante de domicilio. En el caso de los menores de edad deber\u00e1n presentar CURP y acta de nacimiento.<\/p>\n\n\n\n<p>Les recomendamos que, a pesar de estar en sem\u00e1foro verde, la pandemia no ha terminado y debemos seguir extremando precauciones para evitar un repunte de contagios en el municipio, pues hasta este martes 07 de junio el n\u00famero de activos rebasaba los 50 casos.<\/p>\n\n\n\n<p>El Gobierno Municipal de Cuautitl\u00e1n Izcalli, en coordinaci\u00f3n con autoridades Estatales y Federales, invitan a las y los izcallenses a seguir cumpliendo con las medidas sanitarias como el uso de cubrebocas, gel antibacterial, lavado constante de manos, respetar la sana distancia y evitar aglomeraciones.<\/p>\n","protected":false},"excerpt":{"rendered":"<p>_ &ndash; Se aplicar&aacute; primera dosis a rezagados mayores de 18 a&ntilde;os__ &ndash; Tambi&eacute;n podr&aacute;n&#8230;<\/p>\n","protected":false},"author":1,"featured_media":6773,"comment_status":"closed","ping_status":"closed","sticky":false,"template":"","format":"standard","meta":{"footnotes":""},"categories":[1],"tags":[],"class_list":["post-6772","post","type-post","status-publish","format-standard","has-post-thumbnail","hentry","category-noticias"],"_links":{"self":[{"href":"https:\/\/www.notiflashmexiquense.com.mx\/index.php?rest_route=\/wp\/v2\/posts\/6772","targetHints":{"allow":["GET"]}}],"collection":[{"href":"https:\/\/www.notiflashmexiquense.com.mx\/index.php?rest_route=\/wp\/v2\/posts"}],"about":[{"href":"https:\/\/www.notiflashmexiquense.com.mx\/index.php?rest_route=\/wp\/v2\/types\/post"}],"author":[{"embeddable":true,"href":"https:\/\/www.notiflashmexiquense.com.mx\/index.php?rest_route=\/wp\/v2\/users\/1"}],"replies":[{"embeddable":true,"href":"https:\/\/www.notiflashmexiquense.com.mx\/index.php?rest_route=%2Fwp%2Fv2%2Fcomments&post=6772"}],"version-history":[{"count":1,"href":"https:\/\/www.notiflashmexiquense.com.mx\/index.php?rest_route=\/wp\/v2\/posts\/6772\/revisions"}],"predecessor-version":[{"id":6774,"href":"https:\/\/www.notiflashmexiquense.com.mx\/index.php?rest_route=\/wp\/v2\/posts\/6772\/revisions\/6774"}],"wp:featuredmedia":[{"embeddable":true,"href":"https:\/\/www.notiflashmexiquense.com.mx\/index.php?rest_route=\/wp\/v2\/media\/6773"}],"wp:attachment":[{"href":"https:\/\/www.notiflashmexiquense.com.mx\/index.php?rest_route=%2Fwp%2Fv2%2Fmedia&parent=6772"}],"wp:term":[{"taxonomy":"category","embeddable":true,"href":"https:\/\/www.notiflashmexiquense.com.mx\/index.php?rest_route=%2Fwp%2Fv2%2Fcategories&post=6772"},{"taxonomy":"post_tag","embeddable":true,"href":"https:\/\/www.notiflashmexiquense.com.mx\/index.php?rest_route=%2Fwp%2Fv2%2Ftags&post=6772"}],"curies":[{"name":"wp","href":"https:\/\/api.w.org\/{rel}","templated":true}]}}